{
    "id": 1530,
    "date": "2020-08-10T18:45:31",
    "date_gmt": "2020-08-10T23:45:31",
    "guid": {
        "rendered": "https:\/\/page.biocarbonregistry.com\/?page_id=1530"
    },
    "modified": "2026-08-12T11:22:01",
    "modified_gmt": "2026-08-12T16:22:01",
    "slug": "biocarbon-standard-gobierno-corporativo",
    "status": "publish",
    "type": "page",
    "link": "https:\/\/biocarbonstandard.com\/es_es\/biocarbon-standard-gobierno-corporativo\/",
    "title": {
        "rendered": "Gobierno Corporativo"
    },
    "content": {
        "rendered": "<div data-elementor-type=\"wp-page\" data-elementor-id=\"1530\" class=\"elementor elementor-1530\" data-elementor-post-type=\"page\">\n\t\t\t\t<div class=\"elementor-element elementor-element-d9f950b e-con-full e-flex e-con e-parent\" data-id=\"d9f950b\" data-element_type=\"container\">\n\t\t<div class=\"elementor-element elementor-element-746954f e-con-full e-flex e-con e-child\" data-id=\"746954f\" data-element_type=\"container\" data-settings=\"{&quot;background_background&quot;:&quot;classic&quot;}\">\n\t\t\t\t<div class=\"elementor-element elementor-element-4e12c4d elementor-widget elementor-widget-heading\" data-id=\"4e12c4d\" data-element_type=\"widget\" data-widget_type=\"heading.default\">\n\t\t\t\t<div class=\"elementor-widget-container\">\n\t\t\t\t\t<h1 class=\"elementor-heading-title elementor-size-default\">Gobierno Corporativo<\/h1>\t\t\t\t<\/div>\n\t\t\t\t<\/div>\n\t\t\t\t<div class=\"elementor-element elementor-element-9e92724 elementor-widget elementor-widget-text-editor\" data-id=\"9e92724\" data-element_type=\"widget\" data-widget_type=\"text-editor.default\">\n\t\t\t\t<div class=\"elementor-widget-container\">\n\t\t\t\t\t\t\t\t\t<p>Nuestro modelo de gobierno corporativo forma parte de una decisi\u00f3n estrat\u00e9gica para la compa\u00f1\u00eda, que se propone mejorar su desempe\u00f1o global y fundar unas bases s\u00f3lidas para la \u00e9tica empresarial y el cumplimiento; siempre persiguiendo la excelencia.<\/p><p>El gobierno corporativo orienta la pol\u00edtica de la organizaci\u00f3n con base en el respeto de los objetivos, con transparencia, veracidad, buenas pr\u00e1cticas y comportamiento empresarial acorde con los principios \u00e9ticos que gu\u00edan los procesos, hacia el cumplimiento corporativo.<\/p><p>BioCarbon cuenta con una estructura organizacional que se fundamenta en la calidad y la capacidad de los integrantes de su equipo, para cumplir con las expectativas tanto de la organizaci\u00f3n como la de sus clientes y otras partes interesadas.<\/p>\t\t\t\t\t\t\t\t<\/div>\n\t\t\t\t<\/div>\n\t\t<div class=\"elementor-element elementor-element-c1de186 e-con-full e-flex e-con e-child\" data-id=\"c1de186\" data-element_type=\"container\">\n\t\t\t\t<div class=\"elementor-element elementor-element-2ea2923 elementor-mobile-align-justify elementor-widget elementor-widget-button\" data-id=\"2ea2923\" data-element_type=\"widget\" data-widget_type=\"button.default\">\n\t\t\t\t<div class=\"elementor-widget-container\">\n\t\t\t\t\t\t\t\t\t<div class=\"elementor-button-wrapper\">\n\t\t\t\t\t<a class=\"elementor-button elementor-button-link elementor-size-sm\" href=\"https:\/\/biocarbonstandard.com\/wp-content\/uploads\/BCR-Corporate-Governance.pdf\">\n\t\t\t\t\t\t<span class=\"elementor-button-content-wrapper\">\n\t\t\t\t\t\t\t\t\t<span class=\"elementor-button-text\">Gobierno Corporativo<\/span>\n\t\t\t\t\t<\/span>\n\t\t\t\t\t<\/a>\n\t\t\t\t<\/div>\n\t\t\t\t\t\t\t\t<\/div>\n\t\t\t\t<\/div>\n\t\t\t\t<div class=\"elementor-element elementor-element-67f7720 elementor-mobile-align-justify elementor-widget elementor-widget-button\" data-id=\"67f7720\" data-element_type=\"widget\" data-widget_type=\"button.default\">\n\t\t\t\t<div class=\"elementor-widget-container\">\n\t\t\t\t\t\t\t\t\t<div class=\"elementor-button-wrapper\">\n\t\t\t\t\t<a class=\"elementor-button elementor-button-link elementor-size-sm\" href=\"https:\/\/biocarbonstandard.com\/es_es\/estructura-organizacional\/\">\n\t\t\t\t\t\t<span class=\"elementor-button-content-wrapper\">\n\t\t\t\t\t\t\t\t\t<span class=\"elementor-button-text\">Estructura Organizacional<\/span>\n\t\t\t\t\t<\/span>\n\t\t\t\t\t<\/a>\n\t\t\t\t<\/div>\n\t\t\t\t\t\t\t\t<\/div>\n\t\t\t\t<\/div>\n\t\t\t\t<\/div>\n\t\t\t\t<div class=\"elementor-element elementor-element-34d4638 elementor-widget elementor-widget-html\" data-id=\"34d4638\" data-element_type=\"widget\" data-widget_type=\"html.default\">\n\t\t\t\t<div class=\"elementor-widget-container\">\n\t\t\t\t\t<div style=\"margin: 0px; text-align: center;\">\n  <span style=\"color: #B9B9B9; font-family: 'Roboto', sans-serif; font-size: 11px; font-weight: 500;\">\u00a9 Thomas Clausse<\/span>\n<\/div>\n\n\t\t\t\t<\/div>\n\t\t\t\t<\/div>\n\t\t\t\t<\/div>\n\t\t\t\t<\/div>\n\t\t<div class=\"elementor-element elementor-element-39b5e11 e-flex e-con-boxed e-con e-parent\" data-id=\"39b5e11\" data-element_type=\"container\">\n\t\t\t\t\t<div class=\"e-con-inner\">\n\t\t\t\t<div class=\"elementor-element elementor-element-52c9b18 elementor-widget-divider--view-line elementor-widget elementor-widget-divider\" data-id=\"52c9b18\" data-element_type=\"widget\" data-widget_type=\"divider.default\">\n\t\t\t\t<div class=\"elementor-widget-container\">\n\t\t\t\t\t\t\t<div class=\"elementor-divider\">\n\t\t\t<span class=\"elementor-divider-separator\">\n\t\t\t\t\t\t<\/span>\n\t\t<\/div>\n\t\t\t\t\t\t<\/div>\n\t\t\t\t<\/div>\n\t\t\t\t<div class=\"elementor-element elementor-element-318c8d4 elementor-widget elementor-widget-heading\" data-id=\"318c8d4\" data-element_type=\"widget\" data-widget_type=\"heading.default\">\n\t\t\t\t<div class=\"elementor-widget-container\">\n\t\t\t\t\t<h2 class=\"elementor-heading-title elementor-size-default\">Acerca de BioCarbon<\/h2>\t\t\t\t<\/div>\n\t\t\t\t<\/div>\n\t\t\t\t\t<\/div>\n\t\t\t\t<\/div>\n\t\t<div class=\"elementor-element elementor-element-d9d1f07 e-flex e-con-boxed e-con e-parent\" data-id=\"d9d1f07\" data-element_type=\"container\">\n\t\t\t\t\t<div class=\"e-con-inner\">\n\t\t<div class=\"elementor-element elementor-element-4c417b0 e-con-full e-flex e-con e-child\" data-id=\"4c417b0\" data-element_type=\"container\">\n\t\t\t\t<div class=\"elementor-element elementor-element-5cbdd25 elementor-widget elementor-widget-image\" data-id=\"5cbdd25\" data-element_type=\"widget\" data-widget_type=\"image.default\">\n\t\t\t\t<div class=\"elementor-widget-container\">\n\t\t\t\t\t\t\t\t\t\t\t\t\t\t\t<img fetchpriority=\"high\" decoding=\"async\" width=\"1650\" height=\"1650\" src=\"https:\/\/biocarbonstandard.com\/wp-content\/uploads\/Angela_D.webp\" class=\"attachment-full size-full wp-image-18057\" alt=\"\" srcset=\"https:\/\/biocarbonstandard.com\/wp-content\/uploads\/Angela_D.webp 1650w, https:\/\/biocarbonstandard.com\/wp-content\/uploads\/Angela_D-280x280.webp 280w, https:\/\/biocarbonstandard.com\/wp-content\/uploads\/Angela_D-768x768.webp 768w, https:\/\/biocarbonstandard.com\/wp-content\/uploads\/Angela_D-1536x1536.webp 1536w, https:\/\/biocarbonstandard.com\/wp-content\/uploads\/Angela_D-12x12.webp 12w\" sizes=\"(max-width: 1650px) 100vw, 1650px\" \/>\t\t\t\t\t\t\t\t\t\t\t\t\t\t\t<\/div>\n\t\t\t\t<\/div>\n\t\t\t\t<\/div>\n\t\t<div class=\"elementor-element elementor-element-8812cca e-con-full e-flex e-con e-child\" data-id=\"8812cca\" data-element_type=\"container\">\n\t\t<div class=\"elementor-element elementor-element-55055b2 e-con-full e-flex e-con e-child\" data-id=\"55055b2\" data-element_type=\"container\">\n\t\t\t\t<div class=\"elementor-element elementor-element-7b9d3ab elementor-widget elementor-widget-icon-box\" data-id=\"7b9d3ab\" data-element_type=\"widget\" data-widget_type=\"icon-box.default\">\n\t\t\t\t<div class=\"elementor-widget-container\">\n\t\t\t\t\t\t\t<div class=\"elementor-icon-box-wrapper\">\n\n\t\t\t\n\t\t\t\t\t\t<div class=\"elementor-icon-box-content\">\n\n\t\t\t\t\t\t\t\t\t<h3 class=\"elementor-icon-box-title\">\n\t\t\t\t\t\t<span  >\n\t\t\t\t\t\t\t\u00c1ngela Duque\t\t\t\t\t\t<\/span>\n\t\t\t\t\t<\/h3>\n\t\t\t\t\n\t\t\t\t\t\t\t\t\t<p class=\"elementor-icon-box-description\">\n\t\t\t\t\t\tDirectora Ejecutiva\t\t\t\t\t<\/p>\n\t\t\t\t\n\t\t\t<\/div>\n\t\t\t\n\t\t<\/div>\n\t\t\t\t\t\t<\/div>\n\t\t\t\t<\/div>\n\t\t\t\t<div class=\"elementor-element elementor-element-a0a091f elementor-shape-circle e-grid-align-left elementor-grid-0 elementor-widget elementor-widget-social-icons\" data-id=\"a0a091f\" data-element_type=\"widget\" data-widget_type=\"social-icons.default\">\n\t\t\t\t<div class=\"elementor-widget-container\">\n\t\t\t\t\t\t\t<div class=\"elementor-social-icons-wrapper elementor-grid\">\n\t\t\t\t\t\t\t<span class=\"elementor-grid-item\">\n\t\t\t\t\t<a class=\"elementor-icon elementor-social-icon elementor-social-icon-linkedin elementor-repeater-item-b1df46f\" href=\"https:\/\/www.linkedin.com\/in\/%C3%A1ngela-duque-villegas-7827b51b9\/\" target=\"_blank\" rel=\"noopener\">\n\t\t\t\t\t\t<span class=\"elementor-screen-only\">Linkedin<\/span>\n\t\t\t\t\t\t<svg aria-hidden=\"true\" class=\"e-font-icon-svg e-fab-linkedin\" viewbox=\"0 0 448 512\" xmlns=\"http:\/\/www.w3.org\/2000\/svg\"><path d=\"M416 32H31.9C14.3 32 0 46.5 0 64.3v383.4C0 465.5 14.3 480 31.9 480H416c17.6 0 32-14.5 32-32.3V64.3c0-17.8-14.4-32.3-32-32.3zM135.4 416H69V202.2h66.5V416zm-33.2-243c-21.3 0-38.5-17.3-38.5-38.5S80.9 96 102.2 96c21.2 0 38.5 17.3 38.5 38.5 0 21.3-17.2 38.5-38.5 38.5zm282.1 243h-66.4V312c0-24.8-.5-56.7-34.5-56.7-34.6 0-39.9 27-39.9 54.9V416h-66.4V202.2h63.7v29.2h.9c8.9-16.8 30.6-34.5 62.9-34.5 67.2 0 79.7 44.3 79.7 101.9V416z\"><\/path><\/svg>\t\t\t\t\t<\/a>\n\t\t\t\t<\/span>\n\t\t\t\t\t<\/div>\n\t\t\t\t\t\t<\/div>\n\t\t\t\t<\/div>\n\t\t\t\t<\/div>\n\t\t<div class=\"elementor-element elementor-element-ead24b5 e-con-full e-flex e-con e-child\" data-id=\"ead24b5\" data-element_type=\"container\">\n\t\t\t\t<div class=\"elementor-element elementor-element-b53aa45 elementor-widget elementor-widget-text-editor\" data-id=\"b53aa45\" data-element_type=\"widget\" data-widget_type=\"text-editor.default\">\n\t\t\t\t<div class=\"elementor-widget-container\">\n\t\t\t\t\t\t\t\t\t<p>\u00c1ngela es Ingeniera Forestal con un MSc. en Econom\u00eda Ambiental y Recursos Naturales. Se desempe\u00f1a como Directora Ejecutiva de BioCarbon. Su trayectoria se destaca por su dedicaci\u00f3n a impulsar un cambio positivo hacia un futuro m\u00e1s verde y sostenible, convirti\u00e9ndose en una de las figuras pioneras de los mercados de carbono y biodiversidad.<\/p>\t\t\t\t\t\t\t\t<\/div>\n\t\t\t\t<\/div>\n\t\t\t\t<div class=\"elementor-element elementor-element-4e161bf elementor-widget elementor-widget-n-accordion\" data-id=\"4e161bf\" data-element_type=\"widget\" data-settings=\"{&quot;default_state&quot;:&quot;all_collapsed&quot;,&quot;max_items_expended&quot;:&quot;one&quot;,&quot;n_accordion_animation_duration&quot;:{&quot;unit&quot;:&quot;ms&quot;,&quot;size&quot;:400,&quot;sizes&quot;:[]}}\" data-widget_type=\"nested-accordion.default\">\n\t\t\t\t<div class=\"elementor-widget-container\">\n\t\t\t\t\t\t\t<div class=\"e-n-accordion\" aria-label=\"Accordion. Open links with Enter or Space, close with Escape, and navigate with Arrow Keys\">\n\t\t\t\t\t\t<details id=\"e-n-accordion-item-8180\" class=\"e-n-accordion-item\" >\n\t\t\t\t<summary class=\"e-n-accordion-item-title\" data-accordion-index=\"1\" tabindex=\"0\" aria-expanded=\"false\" aria-controls=\"e-n-accordion-item-8180\" >\n\t\t\t\t\t<span class='e-n-accordion-item-title-header'><div class=\"e-n-accordion-item-title-text\"> Leer m\u00e1s <\/div><\/span>\n\t\t\t\t\t\t\t<span class='e-n-accordion-item-title-icon'>\n\t\t\t<span class='e-opened' ><svg aria-hidden=\"true\" class=\"e-font-icon-svg e-fas-minus\" viewbox=\"0 0 448 512\" xmlns=\"http:\/\/www.w3.org\/2000\/svg\"><path d=\"M416 208H32c-17.67 0-32 14.33-32 32v32c0 17.67 14.33 32 32 32h384c17.67 0 32-14.33 32-32v-32c0-17.67-14.33-32-32-32z\"><\/path><\/svg><\/span>\n\t\t\t<span class='e-closed'><svg aria-hidden=\"true\" class=\"e-font-icon-svg e-fas-plus\" viewbox=\"0 0 448 512\" xmlns=\"http:\/\/www.w3.org\/2000\/svg\"><path d=\"M416 208H272V64c0-17.67-14.33-32-32-32h-32c-17.67 0-32 14.33-32 32v144H32c-17.67 0-32 14.33-32 32v32c0 17.67 14.33 32 32 32h144v144c0 17.67 14.33 32 32 32h32c17.67 0 32-14.33 32-32V304h144c17.67 0 32-14.33 32-32v-32c0-17.67-14.33-32-32-32z\"><\/path><\/svg><\/span>\n\t\t<\/span>\n\n\t\t\t\t\t\t<\/summary>\n\t\t\t\t<div role=\"region\" aria-labelledby=\"e-n-accordion-item-8180\" class=\"elementor-element elementor-element-2df9ce6 e-con-full e-flex e-con e-child\" data-id=\"2df9ce6\" data-element_type=\"container\">\n\t\t\t\t<div class=\"elementor-element elementor-element-7d4d8be elementor-widget elementor-widget-text-editor\" data-id=\"7d4d8be\" data-element_type=\"widget\" data-widget_type=\"text-editor.default\">\n\t\t\t\t<div class=\"elementor-widget-container\">\n\t\t\t\t\t\t\t\t\t<p>\u00c1ngela aporta experiencia en el dise\u00f1o, desarrollo, validaci\u00f3n y verificaci\u00f3n de proyectos de gases de efecto invernadero (GEI). Su trabajo se extiende tambi\u00e9n al \u00e1mbito de la pol\u00edtica p\u00fablica, habiendo contribuido activamente a gobiernos, agencias multilaterales y organizaciones en la implementaci\u00f3n de pol\u00edticas relacionadas con el cambio clim\u00e1tico, la conservaci\u00f3n de la biodiversidad y las agendas de sostenibilidad. Su conocimiento t\u00e9cnico, combinado con su rigor e integridad, la posiciona como l\u00edder en el sector.<\/p><p>Con sede en Bogot\u00e1, Colombia, su pa\u00eds de origen, \u00c1ngela, cuando no est\u00e1 junto a una computadora, probablemente se encontrar\u00e1 cuidando de sus plantas, explorando las maravillas del mundo o disfrutando de una copa de vino con amigos.<\/p>\t\t\t\t\t\t\t\t<\/div>\n\t\t\t\t<\/div>\n\t\t\t\t<\/div>\n\t\t\t\t\t<\/details>\n\t\t\t\t\t<\/div>\n\t\t\t\t\t\t<\/div>\n\t\t\t\t<\/div>\n\t\t\t\t<\/div>\n\t\t\t\t<\/div>\n\t\t\t\t\t<\/div>\n\t\t\t\t<\/div>\n\t\t<div class=\"elementor-element elementor-element-8730303 e-flex e-con-boxed e-con e-parent\" data-id=\"8730303\" data-element_type=\"container\">\n\t\t\t\t\t<div class=\"e-con-inner\">\n\t\t\t\t<div class=\"elementor-element elementor-element-a2f708f elementor-widget-divider--view-line elementor-widget elementor-widget-divider\" data-id=\"a2f708f\" data-element_type=\"widget\" data-widget_type=\"divider.default\">\n\t\t\t\t<div class=\"elementor-widget-container\">\n\t\t\t\t\t\t\t<div class=\"elementor-divider\">\n\t\t\t<span class=\"elementor-divider-separator\">\n\t\t\t\t\t\t<\/span>\n\t\t<\/div>\n\t\t\t\t\t\t<\/div>\n\t\t\t\t<\/div>\n\t\t\t\t<div class=\"elementor-element elementor-element-80461b4 elementor-widget elementor-widget-heading\" data-id=\"80461b4\" data-element_type=\"widget\" data-widget_type=\"heading.default\">\n\t\t\t\t<div class=\"elementor-widget-container\">\n\t\t\t\t\t<h2 class=\"elementor-heading-title elementor-size-default\">Junta Directiva<\/h2>\t\t\t\t<\/div>\n\t\t\t\t<\/div>\n\t\t\t\t\t<\/div>\n\t\t\t\t<\/div>\n\t\t<div class=\"elementor-element elementor-element-7b03177 e-flex e-con-boxed e-con e-parent\" data-id=\"7b03177\" data-element_type=\"container\">\n\t\t\t\t\t<div class=\"e-con-inner\">\n\t\t<div class=\"elementor-element elementor-element-209ec4c e-con-full e-flex e-con e-child\" data-id=\"209ec4c\" data-element_type=\"container\">\n\t\t<div class=\"elementor-element elementor-element-3d9eaa1 e-con-full e-flex e-con e-child\" data-id=\"3d9eaa1\" data-element_type=\"container\">\n\t\t\t\t<div class=\"elementor-element elementor-element-4134a5f elementor-position-top elementor-widget elementor-widget-image-box\" data-id=\"4134a5f\" data-element_type=\"widget\" data-widget_type=\"image-box.default\">\n\t\t\t\t<div class=\"elementor-widget-container\">\n\t\t\t\t\t<div class=\"elementor-image-box-wrapper\"><figure class=\"elementor-image-box-img\"><img decoding=\"async\" width=\"512\" height=\"512\" src=\"https:\/\/biocarbonstandard.com\/wp-content\/uploads\/alexis.webp\" class=\"attachment-full size-full wp-image-17771\" alt=\"\" srcset=\"https:\/\/biocarbonstandard.com\/wp-content\/uploads\/alexis.webp 512w, https:\/\/biocarbonstandard.com\/wp-content\/uploads\/alexis-280x280.webp 280w, https:\/\/biocarbonstandard.com\/wp-content\/uploads\/alexis-12x12.webp 12w\" sizes=\"(max-width: 512px) 100vw, 512px\" \/><\/figure><div class=\"elementor-image-box-content\"><h3 class=\"elementor-image-box-title\">Alexis Berm\u00fadez<\/h3><p class=\"elementor-image-box-description\">Miembro de la Junta<br>\nExperto en Diversidad Biol\u00f3gica y Etnobiolog\u00eda\n<\/p><\/div><\/div>\t\t\t\t<\/div>\n\t\t\t\t<\/div>\n\t\t\t\t<div class=\"elementor-element elementor-element-262c6c0 elementor-shape-circle e-grid-align-left elementor-grid-0 elementor-widget elementor-widget-social-icons\" data-id=\"262c6c0\" data-element_type=\"widget\" data-widget_type=\"social-icons.default\">\n\t\t\t\t<div class=\"elementor-widget-container\">\n\t\t\t\t\t\t\t<div class=\"elementor-social-icons-wrapper elementor-grid\">\n\t\t\t\t\t\t\t<span class=\"elementor-grid-item\">\n\t\t\t\t\t<a class=\"elementor-icon elementor-social-icon elementor-social-icon-linkedin elementor-repeater-item-b1df46f\" href=\"https:\/\/www.linkedin.com\/in\/alexis-bermudez-consultor-internacional\/\" target=\"_blank\" rel=\"noopener\">\n\t\t\t\t\t\t<span class=\"elementor-screen-only\">Linkedin<\/span>\n\t\t\t\t\t\t<svg aria-hidden=\"true\" class=\"e-font-icon-svg e-fab-linkedin\" viewbox=\"0 0 448 512\" xmlns=\"http:\/\/www.w3.org\/2000\/svg\"><path d=\"M416 32H31.9C14.3 32 0 46.5 0 64.3v383.4C0 465.5 14.3 480 31.9 480H416c17.6 0 32-14.5 32-32.3V64.3c0-17.8-14.4-32.3-32-32.3zM135.4 416H69V202.2h66.5V416zm-33.2-243c-21.3 0-38.5-17.3-38.5-38.5S80.9 96 102.2 96c21.2 0 38.5 17.3 38.5 38.5 0 21.3-17.2 38.5-38.5 38.5zm282.1 243h-66.4V312c0-24.8-.5-56.7-34.5-56.7-34.6 0-39.9 27-39.9 54.9V416h-66.4V202.2h63.7v29.2h.9c8.9-16.8 30.6-34.5 62.9-34.5 67.2 0 79.7 44.3 79.7 101.9V416z\"><\/path><\/svg>\t\t\t\t\t<\/a>\n\t\t\t\t<\/span>\n\t\t\t\t\t<\/div>\n\t\t\t\t\t\t<\/div>\n\t\t\t\t<\/div>\n\t\t\t\t<div class=\"elementor-element elementor-element-eccf572 elementor-widget elementor-widget-n-accordion\" data-id=\"eccf572\" data-element_type=\"widget\" data-settings=\"{&quot;default_state&quot;:&quot;all_collapsed&quot;,&quot;max_items_expended&quot;:&quot;one&quot;,&quot;n_accordion_animation_duration&quot;:{&quot;unit&quot;:&quot;ms&quot;,&quot;size&quot;:400,&quot;sizes&quot;:[]}}\" data-widget_type=\"nested-accordion.default\">\n\t\t\t\t<div class=\"elementor-widget-container\">\n\t\t\t\t\t\t\t<div class=\"e-n-accordion\" aria-label=\"Accordion. Open links with Enter or Space, close with Escape, and navigate with Arrow Keys\">\n\t\t\t\t\t\t<details id=\"e-n-accordion-item-2480\" class=\"e-n-accordion-item\" >\n\t\t\t\t<summary class=\"e-n-accordion-item-title\" data-accordion-index=\"1\" tabindex=\"0\" aria-expanded=\"false\" aria-controls=\"e-n-accordion-item-2480\" >\n\t\t\t\t\t<span class='e-n-accordion-item-title-header'><div class=\"e-n-accordion-item-title-text\"> Leer m\u00e1s <\/div><\/span>\n\t\t\t\t\t\t\t<span class='e-n-accordion-item-title-icon'>\n\t\t\t<span class='e-opened' ><svg aria-hidden=\"true\" class=\"e-font-icon-svg e-fas-minus\" viewbox=\"0 0 448 512\" xmlns=\"http:\/\/www.w3.org\/2000\/svg\"><path d=\"M416 208H32c-17.67 0-32 14.33-32 32v32c0 17.67 14.33 32 32 32h384c17.67 0 32-14.33 32-32v-32c0-17.67-14.33-32-32-32z\"><\/path><\/svg><\/span>\n\t\t\t<span class='e-closed'><svg aria-hidden=\"true\" class=\"e-font-icon-svg e-fas-plus\" viewbox=\"0 0 448 512\" xmlns=\"http:\/\/www.w3.org\/2000\/svg\"><path d=\"M416 208H272V64c0-17.67-14.33-32-32-32h-32c-17.67 0-32 14.33-32 32v144H32c-17.67 0-32 14.33-32 32v32c0 17.67 14.33 32 32 32h144v144c0 17.67 14.33 32 32 32h32c17.67 0 32-14.33 32-32V304h144c17.67 0 32-14.33 32-32v-32c0-17.67-14.33-32-32-32z\"><\/path><\/svg><\/span>\n\t\t<\/span>\n\n\t\t\t\t\t\t<\/summary>\n\t\t\t\t<div role=\"region\" aria-labelledby=\"e-n-accordion-item-2480\" class=\"elementor-element elementor-element-423badd e-con-full e-flex e-con e-child\" data-id=\"423badd\" data-element_type=\"container\">\n\t\t\t\t<div class=\"elementor-element elementor-element-ad06120 elementor-widget elementor-widget-text-editor\" data-id=\"ad06120\" data-element_type=\"widget\" data-widget_type=\"text-editor.default\">\n\t\t\t\t<div class=\"elementor-widget-container\">\n\t\t\t\t\t\t\t\t\t<p>Alexis es Licenciado en Educaci\u00f3n, con \u00e9nfasis en Ciencias Naturales. Se ha especializado en el \u00e1rea de la biolog\u00eda y es Doctor en Etnobiolog\u00eda. Alexis ha sido investigador y docente durante m\u00e1s de 40 a\u00f1os.<\/p><p>Alexis es un apasionado por el desarrollo de comunidades locales a trav\u00e9s de la utilizaci\u00f3n de su valioso patrimonio biocultural. Cuenta con una amplia trayectoria en el \u00e1mbito de la cooperaci\u00f3n internacional, dedic\u00e1ndose a promover pr\u00e1cticas que preserven y fortalezcan el equilibrio entre la biodiversidad y las comunidades que dependen de ella. Su sue\u00f1o es convertirse en un experto en restauraci\u00f3n ecol\u00f3gica, contribuyendo activamente a la regeneraci\u00f3n de entornos naturales.<\/p><p>Alexis hace parte de la Junta Ejecutiva de BioCarbon, escenario en el que est\u00e1 convencido de que puede aportar su experiencia y conocimientos para contribuir al crecimiento y la implementaci\u00f3n del Est\u00e1ndar de Biodiversidad.<\/p><p>Su ubicaci\u00f3n actual es en Venezuela. En su tiempo libre, Alexis disfruta de la lectura y dedica atenci\u00f3n especial al cuidado de sus plantas y sus gatos. Est\u00e1 convencido de que la conexi\u00f3n con la naturaleza es esencial para la salud y el bienestar, y se esfuerza por fomentar esta conexi\u00f3n en su vida diaria.<\/p>\t\t\t\t\t\t\t\t<\/div>\n\t\t\t\t<\/div>\n\t\t\t\t<\/div>\n\t\t\t\t\t<\/details>\n\t\t\t\t\t<\/div>\n\t\t\t\t\t\t<\/div>\n\t\t\t\t<\/div>\n\t\t\t\t<\/div>\n\t\t\t\t<\/div>\n\t\t<div class=\"elementor-element elementor-element-3aadf40 e-con-full e-flex e-con e-child\" data-id=\"3aadf40\" data-element_type=\"container\">\n\t\t<div class=\"elementor-element elementor-element-3ac0079 e-con-full e-flex e-con e-child\" data-id=\"3ac0079\" data-element_type=\"container\">\n\t\t\t\t<div class=\"elementor-element elementor-element-eddda33 elementor-position-top elementor-widget elementor-widget-image-box\" data-id=\"eddda33\" data-element_type=\"widget\" data-widget_type=\"image-box.default\">\n\t\t\t\t<div class=\"elementor-widget-container\">\n\t\t\t\t\t<div class=\"elementor-image-box-wrapper\"><figure class=\"elementor-image-box-img\"><img decoding=\"async\" width=\"512\" height=\"512\" src=\"https:\/\/biocarbonstandard.com\/wp-content\/uploads\/02.webp\" class=\"attachment-full size-full wp-image-17220\" alt=\"\" srcset=\"https:\/\/biocarbonstandard.com\/wp-content\/uploads\/02.webp 512w, https:\/\/biocarbonstandard.com\/wp-content\/uploads\/02-280x280.webp 280w, https:\/\/biocarbonstandard.com\/wp-content\/uploads\/02-12x12.webp 12w\" sizes=\"(max-width: 512px) 100vw, 512px\" \/><\/figure><div class=\"elementor-image-box-content\"><h3 class=\"elementor-image-box-title\">F. Javier Manzanares<\/h3><p class=\"elementor-image-box-description\">Presidente de la  Junta<br> Especialista en Mercados de Carbono<\/p><\/div><\/div>\t\t\t\t<\/div>\n\t\t\t\t<\/div>\n\t\t\t\t<div class=\"elementor-element elementor-element-b74a39b elementor-shape-circle e-grid-align-left elementor-hidden-desktop elementor-hidden-tablet elementor-hidden-mobile elementor-grid-0 elementor-widget elementor-widget-social-icons\" data-id=\"b74a39b\" data-element_type=\"widget\" data-widget_type=\"social-icons.default\">\n\t\t\t\t<div class=\"elementor-widget-container\">\n\t\t\t\t\t\t\t<div class=\"elementor-social-icons-wrapper elementor-grid\">\n\t\t\t\t\t\t\t<span class=\"elementor-grid-item\">\n\t\t\t\t\t<a class=\"elementor-icon elementor-social-icon elementor-social-icon-linkedin elementor-repeater-item-b1df46f\" href=\"https:\/\/www.linkedin.com\/in\/javiermanzanares\/\" target=\"_blank\" rel=\"noopener\">\n\t\t\t\t\t\t<span class=\"elementor-screen-only\">Linkedin<\/span>\n\t\t\t\t\t\t<svg aria-hidden=\"true\" class=\"e-font-icon-svg e-fab-linkedin\" viewbox=\"0 0 448 512\" xmlns=\"http:\/\/www.w3.org\/2000\/svg\"><path d=\"M416 32H31.9C14.3 32 0 46.5 0 64.3v383.4C0 465.5 14.3 480 31.9 480H416c17.6 0 32-14.5 32-32.3V64.3c0-17.8-14.4-32.3-32-32.3zM135.4 416H69V202.2h66.5V416zm-33.2-243c-21.3 0-38.5-17.3-38.5-38.5S80.9 96 102.2 96c21.2 0 38.5 17.3 38.5 38.5 0 21.3-17.2 38.5-38.5 38.5zm282.1 243h-66.4V312c0-24.8-.5-56.7-34.5-56.7-34.6 0-39.9 27-39.9 54.9V416h-66.4V202.2h63.7v29.2h.9c8.9-16.8 30.6-34.5 62.9-34.5 67.2 0 79.7 44.3 79.7 101.9V416z\"><\/path><\/svg>\t\t\t\t\t<\/a>\n\t\t\t\t<\/span>\n\t\t\t\t\t<\/div>\n\t\t\t\t\t\t<\/div>\n\t\t\t\t<\/div>\n\t\t\t\t<div class=\"elementor-element elementor-element-9aa6c1d elementor-widget elementor-widget-n-accordion\" data-id=\"9aa6c1d\" data-element_type=\"widget\" data-settings=\"{&quot;default_state&quot;:&quot;all_collapsed&quot;,&quot;max_items_expended&quot;:&quot;one&quot;,&quot;n_accordion_animation_duration&quot;:{&quot;unit&quot;:&quot;ms&quot;,&quot;size&quot;:400,&quot;sizes&quot;:[]}}\" data-widget_type=\"nested-accordion.default\">\n\t\t\t\t<div class=\"elementor-widget-container\">\n\t\t\t\t\t\t\t<div class=\"e-n-accordion\" aria-label=\"Accordion. Open links with Enter or Space, close with Escape, and navigate with Arrow Keys\">\n\t\t\t\t\t\t<details id=\"e-n-accordion-item-1620\" class=\"e-n-accordion-item\" >\n\t\t\t\t<summary class=\"e-n-accordion-item-title\" data-accordion-index=\"1\" tabindex=\"0\" aria-expanded=\"false\" aria-controls=\"e-n-accordion-item-1620\" >\n\t\t\t\t\t<span class='e-n-accordion-item-title-header'><div class=\"e-n-accordion-item-title-text\"> Leer m\u00e1s <\/div><\/span>\n\t\t\t\t\t\t\t<span class='e-n-accordion-item-title-icon'>\n\t\t\t<span class='e-opened' ><svg aria-hidden=\"true\" class=\"e-font-icon-svg e-fas-minus\" viewbox=\"0 0 448 512\" xmlns=\"http:\/\/www.w3.org\/2000\/svg\"><path d=\"M416 208H32c-17.67 0-32 14.33-32 32v32c0 17.67 14.33 32 32 32h384c17.67 0 32-14.33 32-32v-32c0-17.67-14.33-32-32-32z\"><\/path><\/svg><\/span>\n\t\t\t<span class='e-closed'><svg aria-hidden=\"true\" class=\"e-font-icon-svg e-fas-plus\" viewbox=\"0 0 448 512\" xmlns=\"http:\/\/www.w3.org\/2000\/svg\"><path d=\"M416 208H272V64c0-17.67-14.33-32-32-32h-32c-17.67 0-32 14.33-32 32v144H32c-17.67 0-32 14.33-32 32v32c0 17.67 14.33 32 32 32h144v144c0 17.67 14.33 32 32 32h32c17.67 0 32-14.33 32-32V304h144c17.67 0 32-14.33 32-32v-32c0-17.67-14.33-32-32-32z\"><\/path><\/svg><\/span>\n\t\t<\/span>\n\n\t\t\t\t\t\t<\/summary>\n\t\t\t\t<div role=\"region\" aria-labelledby=\"e-n-accordion-item-1620\" class=\"elementor-element elementor-element-e90e11d e-con-full e-flex e-con e-child\" data-id=\"e90e11d\" data-element_type=\"container\">\n\t\t\t\t<div class=\"elementor-element elementor-element-c61cdb6 elementor-widget elementor-widget-text-editor\" data-id=\"c61cdb6\" data-element_type=\"widget\" data-widget_type=\"text-editor.default\">\n\t\t\t\t<div class=\"elementor-widget-container\">\n\t\t\t\t\t\t\t\t\t<p>Javier Manzanares Allen es actualmente Consultor Senior del Banco Mundial en Mercados de Carbono, Co-CEO de Climate Digital Investments y CEO de ALLEN MANZA INC, asi como, miembro de la Junta Directiva de SURECO &amp; Partners, consultor de UNEP-FI, Delphos International y FIIAPP entre otros.<\/p><p>Fue inicialmente CFO y posteriormente nombrado Director Ejecutivo Adjunto del Fondo Verde para el Clima \u00abGCF\u00bb durante casi 8 a\u00f1os. Anteriormente, ocup\u00f3 los cargos de Director y Representante Regional de UNOPS para el MERCOSUR, con sede en Argentina y Gerente de la Divisi\u00f3n de Banca de Inversi\u00f3n y Desarrollo en \u00abBCIE\/BCIE\u00bb con sede en Honduras. Javier tambi\u00e9n trabaj\u00f3 como Vicepresidente Ejecutivo de dos bancos privados del Grupo Fierro en Miami y Guatemala. Su carrera en banca y finanzas comenz\u00f3 con Banco Santander\/BSCH en Estados Unidos, Hong Kong y Jap\u00f3n.\u00a0\u00a0<\/p><p>Javier fue el primer Presidente de la Junta Directiva de \u201cIASE\u201d, la Asociaci\u00f3n Internacional de Econom\u00eda Sostenible, tiene un titulo doble, MBA de Northwestern University of Chicago\/ Kellogg (EE. UU.), un EMBA por la Universidad de Ciencia y Tecnolog\u00eda de Hong Kong \u00abHKUST\u00bb (China), posee un doctorado PhD en Gesti\u00f3n de Sostenibilidad por la Universidad \u201cINHA\u201d en Corea del Sur y es Certificado en ESG por \u201cJuntas Competentes\u201d<\/p><p>Javier tambi\u00e9n colabora con la facultad de ESG, Innovaci\u00f3n y Tecnolog\u00eda y Finanzas Clim\u00e1ticas en el Instituto de Empresa \u00abIE\u00bb, la Universidad Nacional de Se\u00fal \u00abSNU\u00bb y las Escuelas de Negocios para el Liderazgo Clim\u00e1tico \u00abBS4CL\u00bb<\/p>\t\t\t\t\t\t\t\t<\/div>\n\t\t\t\t<\/div>\n\t\t\t\t<\/div>\n\t\t\t\t\t<\/details>\n\t\t\t\t\t<\/div>\n\t\t\t\t\t\t<\/div>\n\t\t\t\t<\/div>\n\t\t\t\t<\/div>\n\t\t\t\t<\/div>\n\t\t<div class=\"elementor-element elementor-element-7cb48de e-con-full e-flex e-con e-child\" data-id=\"7cb48de\" data-element_type=\"container\">\n\t\t<div class=\"elementor-element elementor-element-c9b4a1c e-con-full e-flex e-con e-child\" data-id=\"c9b4a1c\" data-element_type=\"container\">\n\t\t\t\t<div class=\"elementor-element elementor-element-19d5955 elementor-position-top elementor-widget elementor-widget-image-box\" data-id=\"19d5955\" data-element_type=\"widget\" data-widget_type=\"image-box.default\">\n\t\t\t\t<div class=\"elementor-widget-container\">\n\t\t\t\t\t<div class=\"elementor-image-box-wrapper\"><figure class=\"elementor-image-box-img\"><img loading=\"lazy\" decoding=\"async\" width=\"512\" height=\"512\" src=\"https:\/\/biocarbonstandard.com\/wp-content\/uploads\/Maria-Atuesta.webp\" class=\"attachment-full size-full wp-image-18245\" alt=\"\" srcset=\"https:\/\/biocarbonstandard.com\/wp-content\/uploads\/Maria-Atuesta.webp 512w, https:\/\/biocarbonstandard.com\/wp-content\/uploads\/Maria-Atuesta-280x280.webp 280w, https:\/\/biocarbonstandard.com\/wp-content\/uploads\/Maria-Atuesta-12x12.webp 12w\" sizes=\"(max-width: 512px) 100vw, 512px\" \/><\/figure><div class=\"elementor-image-box-content\"><h3 class=\"elementor-image-box-title\">Mar\u00eda Atuesta Vegalara<\/h3><p class=\"elementor-image-box-description\">Miembro de la Junta<br> Especialista en Estrategia de Sostenibilidad y Regeneraci\u00f3n<\/p><\/div><\/div>\t\t\t\t<\/div>\n\t\t\t\t<\/div>\n\t\t\t\t<div class=\"elementor-element elementor-element-4d236d3 elementor-widget elementor-widget-n-accordion\" data-id=\"4d236d3\" data-element_type=\"widget\" data-settings=\"{&quot;default_state&quot;:&quot;all_collapsed&quot;,&quot;max_items_expended&quot;:&quot;one&quot;,&quot;n_accordion_animation_duration&quot;:{&quot;unit&quot;:&quot;ms&quot;,&quot;size&quot;:400,&quot;sizes&quot;:[]}}\" data-widget_type=\"nested-accordion.default\">\n\t\t\t\t<div class=\"elementor-widget-container\">\n\t\t\t\t\t\t\t<div class=\"e-n-accordion\" aria-label=\"Accordion. Open links with Enter or Space, close with Escape, and navigate with Arrow Keys\">\n\t\t\t\t\t\t<details id=\"e-n-accordion-item-8080\" class=\"e-n-accordion-item\" >\n\t\t\t\t<summary class=\"e-n-accordion-item-title\" data-accordion-index=\"1\" tabindex=\"0\" aria-expanded=\"false\" aria-controls=\"e-n-accordion-item-8080\" >\n\t\t\t\t\t<span class='e-n-accordion-item-title-header'><div class=\"e-n-accordion-item-title-text\"> Leer m\u00e1s <\/div><\/span>\n\t\t\t\t\t\t\t<span class='e-n-accordion-item-title-icon'>\n\t\t\t<span class='e-opened' ><svg aria-hidden=\"true\" class=\"e-font-icon-svg e-fas-minus\" viewbox=\"0 0 448 512\" xmlns=\"http:\/\/www.w3.org\/2000\/svg\"><path d=\"M416 208H32c-17.67 0-32 14.33-32 32v32c0 17.67 14.33 32 32 32h384c17.67 0 32-14.33 32-32v-32c0-17.67-14.33-32-32-32z\"><\/path><\/svg><\/span>\n\t\t\t<span class='e-closed'><svg aria-hidden=\"true\" class=\"e-font-icon-svg e-fas-plus\" viewbox=\"0 0 448 512\" xmlns=\"http:\/\/www.w3.org\/2000\/svg\"><path d=\"M416 208H272V64c0-17.67-14.33-32-32-32h-32c-17.67 0-32 14.33-32 32v144H32c-17.67 0-32 14.33-32 32v32c0 17.67 14.33 32 32 32h144v144c0 17.67 14.33 32 32 32h32c17.67 0 32-14.33 32-32V304h144c17.67 0 32-14.33 32-32v-32c0-17.67-14.33-32-32-32z\"><\/path><\/svg><\/span>\n\t\t<\/span>\n\n\t\t\t\t\t\t<\/summary>\n\t\t\t\t<div role=\"region\" aria-labelledby=\"e-n-accordion-item-8080\" class=\"elementor-element elementor-element-c8e82f3 e-con-full e-flex e-con e-child\" data-id=\"c8e82f3\" data-element_type=\"container\">\n\t\t\t\t<div class=\"elementor-element elementor-element-e9433cd elementor-widget elementor-widget-text-editor\" data-id=\"e9433cd\" data-element_type=\"widget\" data-widget_type=\"text-editor.default\">\n\t\t\t\t<div class=\"elementor-widget-container\">\n\t\t\t\t\t\t\t\t\t<p>Mar\u00eda es economista con especializaci\u00f3n en derecho comercial por la Universidad de los Andes (Colombia) y M\u00e1ster en Ciencias en Gesti\u00f3n de la Sostenibilidad por la Universidad de Columbia (Nueva York). Cuenta con m\u00e1s de 8 a\u00f1os de experiencia en desarrollo sostenible, estrategia corporativa y transformaci\u00f3n de cadenas de valor, liderando innovaciones basadas en la naturaleza y pr\u00e1cticas regenerativas con impacto en distintos sectores.<\/p><p>Antes de fundar Myzelio, trabaj\u00f3 como Sustainability Manager en AB InBev para Middle Americas, donde impuls\u00f3 la transformaci\u00f3n de la cadena de valor hacia la sostenibilidad, con \u00e9nfasis en gesti\u00f3n del agua, agricultura regenerativa y resiliencia comunitaria. Lider\u00f3 proyectos de seguridad h\u00eddrica de gran escala en M\u00e9xico, Per\u00fa, Colombia y El Salvador, y posteriormente apoy\u00f3 el crecimiento de startups sostenibles como Strategic Project Manager del 100+ Accelerator. En 2024 cofund\u00f3 Myzelio, una firma que dise\u00f1a, implementa y escala estrategias innovadoras y regenerativas. Myzelio se distingue por actuar como el equipo de sostenibilidad de las empresas, asegurando no solo el cumplimiento de objetivos, sino tambi\u00e9n la generaci\u00f3n de un impacto medible y transformador mediante soluciones pr\u00e1cticas y adaptativas.<\/p><p>Como miembro de la Junta Directiva de BioCarbon, Mar\u00eda aporta experiencia en sostenibilidad, innovaci\u00f3n y regeneraci\u00f3n, contribuyendo a proyectos que restauran ecosistemas y generan valor compartido para comunidades y el sector privado.<\/p><p>Su prop\u00f3sito es afrontar la crisis planetaria y espiritual impulsando la regeneraci\u00f3n de ecosistemas y comunidades mediante soluciones sostenibles y escalables. Actualmente vive en Colombia y en su tiempo libre disfruta del buceo, los viajes y el contacto con la naturaleza, experiencias que refuerzan su compromiso con un futuro regenerativo.<\/p>\t\t\t\t\t\t\t\t<\/div>\n\t\t\t\t<\/div>\n\t\t\t\t<\/div>\n\t\t\t\t\t<\/details>\n\t\t\t\t\t<\/div>\n\t\t\t\t\t\t<\/div>\n\t\t\t\t<\/div>\n\t\t\t\t<\/div>\n\t\t\t\t<\/div>\n\t\t<div class=\"elementor-element elementor-element-0e04442 e-con-full e-flex e-con e-child\" data-id=\"0e04442\" data-element_type=\"container\">\n\t\t<div class=\"elementor-element elementor-element-6a1f6f3 e-con-full e-flex e-con e-child\" data-id=\"6a1f6f3\" data-element_type=\"container\">\n\t\t\t\t<div class=\"elementor-element elementor-element-5052966 elementor-position-top elementor-widget elementor-widget-image-box\" data-id=\"5052966\" data-element_type=\"widget\" data-widget_type=\"image-box.default\">\n\t\t\t\t<div class=\"elementor-widget-container\">\n\t\t\t\t\t<div class=\"elementor-image-box-wrapper\"><figure class=\"elementor-image-box-img\"><img loading=\"lazy\" decoding=\"async\" width=\"512\" height=\"512\" src=\"https:\/\/biocarbonstandard.com\/wp-content\/uploads\/02-copy-2.webp\" class=\"attachment-full size-full wp-image-17213\" alt=\"\" srcset=\"https:\/\/biocarbonstandard.com\/wp-content\/uploads\/02-copy-2.webp 512w, https:\/\/biocarbonstandard.com\/wp-content\/uploads\/02-copy-2-280x280.webp 280w, https:\/\/biocarbonstandard.com\/wp-content\/uploads\/02-copy-2-12x12.webp 12w\" sizes=\"(max-width: 512px) 100vw, 512px\" \/><\/figure><div class=\"elementor-image-box-content\"><h3 class=\"elementor-image-box-title\">Miguel Rodr\u00edguez<\/h3><p class=\"elementor-image-box-description\">Miembro de la Junta<br> Experto en Fisiolog\u00eda aplicada a Sistemas Productivos<\/p><\/div><\/div>\t\t\t\t<\/div>\n\t\t\t\t<\/div>\n\t\t\t\t<div class=\"elementor-element elementor-element-1a34604 elementor-widget elementor-widget-n-accordion\" data-id=\"1a34604\" data-element_type=\"widget\" data-settings=\"{&quot;default_state&quot;:&quot;all_collapsed&quot;,&quot;max_items_expended&quot;:&quot;one&quot;,&quot;n_accordion_animation_duration&quot;:{&quot;unit&quot;:&quot;ms&quot;,&quot;size&quot;:400,&quot;sizes&quot;:[]}}\" data-widget_type=\"nested-accordion.default\">\n\t\t\t\t<div class=\"elementor-widget-container\">\n\t\t\t\t\t\t\t<div class=\"e-n-accordion\" aria-label=\"Accordion. Open links with Enter or Space, close with Escape, and navigate with Arrow Keys\">\n\t\t\t\t\t\t<details id=\"e-n-accordion-item-2740\" class=\"e-n-accordion-item\" >\n\t\t\t\t<summary class=\"e-n-accordion-item-title\" data-accordion-index=\"1\" tabindex=\"0\" aria-expanded=\"false\" aria-controls=\"e-n-accordion-item-2740\" >\n\t\t\t\t\t<span class='e-n-accordion-item-title-header'><div class=\"e-n-accordion-item-title-text\"> Leer m\u00e1s <\/div><\/span>\n\t\t\t\t\t\t\t<span class='e-n-accordion-item-title-icon'>\n\t\t\t<span class='e-opened' ><svg aria-hidden=\"true\" class=\"e-font-icon-svg e-fas-minus\" viewbox=\"0 0 448 512\" xmlns=\"http:\/\/www.w3.org\/2000\/svg\"><path d=\"M416 208H32c-17.67 0-32 14.33-32 32v32c0 17.67 14.33 32 32 32h384c17.67 0 32-14.33 32-32v-32c0-17.67-14.33-32-32-32z\"><\/path><\/svg><\/span>\n\t\t\t<span class='e-closed'><svg aria-hidden=\"true\" class=\"e-font-icon-svg e-fas-plus\" viewbox=\"0 0 448 512\" xmlns=\"http:\/\/www.w3.org\/2000\/svg\"><path d=\"M416 208H272V64c0-17.67-14.33-32-32-32h-32c-17.67 0-32 14.33-32 32v144H32c-17.67 0-32 14.33-32 32v32c0 17.67 14.33 32 32 32h144v144c0 17.67 14.33 32 32 32h32c17.67 0 32-14.33 32-32V304h144c17.67 0 32-14.33 32-32v-32c0-17.67-14.33-32-32-32z\"><\/path><\/svg><\/span>\n\t\t<\/span>\n\n\t\t\t\t\t\t<\/summary>\n\t\t\t\t<div role=\"region\" aria-labelledby=\"e-n-accordion-item-2740\" class=\"elementor-element elementor-element-78d5a26 e-con-full e-flex e-con e-child\" data-id=\"78d5a26\" data-element_type=\"container\">\n\t\t\t\t<div class=\"elementor-element elementor-element-2151a08 elementor-widget elementor-widget-text-editor\" data-id=\"2151a08\" data-element_type=\"widget\" data-widget_type=\"text-editor.default\">\n\t\t\t\t<div class=\"elementor-widget-container\">\n\t\t\t\t\t\t\t\t\t<p>Miguel, con experiencia desde 1981 en el sector forestal, comenz\u00f3 como Jefe de Investigaci\u00f3n Biol\u00f3gica en Monterrey Forestal Ltda. Su formaci\u00f3n en ciencias le permiti\u00f3 liderar la Direcci\u00f3n Forestal en el grupo Pizano, supervisando la Certificaci\u00f3n de Manejo Forestal y Cadena de Custodia, y desarrollando procesos de manejo ambiental. Colabor\u00f3 en estudios nacionales e internacionales, aplicando est\u00e1ndares del Mecanismo de Desarrollo Limpio. Concluy\u00f3 su carrera como Gerente General de Monterrey Forest GWR SAS de Greenwood Resources (USA).<\/p><p>Invitado por su experiencia, particip\u00f3 en organizaciones como Acofore, CONIF, Fedemaderas, y Camcore de la Universidad Estatal de Carolina del Norte. Adem\u00e1s, fue consejero de Ciencias Agropecuarias de Colciencias, profesor catedr\u00e1tico en la Universidad Javeriana, y miembro de la Species Survival Commission de la UICN.<\/p><p>Jubilado, asesora a empresas y organizaciones ambientales, y dedica su tiempo a la siembra y cuidado de sus \u00e1rboles, a la literatura, y a la historia y filosof\u00eda de la ciencia.<\/p>\t\t\t\t\t\t\t\t<\/div>\n\t\t\t\t<\/div>\n\t\t\t\t<\/div>\n\t\t\t\t\t<\/details>\n\t\t\t\t\t<\/div>\n\t\t\t\t\t\t<\/div>\n\t\t\t\t<\/div>\n\t\t\t\t<\/div>\n\t\t\t\t<\/div>\n\t\t<div class=\"elementor-element elementor-element-420c38f e-con-full e-flex e-con e-child\" data-id=\"420c38f\" data-element_type=\"container\">\n\t\t<div class=\"elementor-element elementor-element-38c9c0f e-con-full e-flex e-con e-child\" data-id=\"38c9c0f\" data-element_type=\"container\">\n\t\t\t\t<div class=\"elementor-element elementor-element-908749d elementor-position-top elementor-widget elementor-widget-image-box\" data-id=\"908749d\" data-element_type=\"widget\" data-widget_type=\"image-box.default\">\n\t\t\t\t<div class=\"elementor-widget-container\">\n\t\t\t\t\t<div class=\"elementor-image-box-wrapper\"><figure class=\"elementor-image-box-img\"><img loading=\"lazy\" decoding=\"async\" width=\"1887\" height=\"1888\" src=\"https:\/\/biocarbonstandard.com\/wp-content\/uploads\/Ricardo_Umana_.webp\" class=\"attachment-full size-full wp-image-18072\" alt=\"\" srcset=\"https:\/\/biocarbonstandard.com\/wp-content\/uploads\/Ricardo_Umana_.webp 1887w, https:\/\/biocarbonstandard.com\/wp-content\/uploads\/Ricardo_Umana_-280x280.webp 280w, https:\/\/biocarbonstandard.com\/wp-content\/uploads\/Ricardo_Umana_-768x768.webp 768w, https:\/\/biocarbonstandard.com\/wp-content\/uploads\/Ricardo_Umana_-1536x1536.webp 1536w, https:\/\/biocarbonstandard.com\/wp-content\/uploads\/Ricardo_Umana_-12x12.webp 12w\" sizes=\"(max-width: 1887px) 100vw, 1887px\" \/><\/figure><div class=\"elementor-image-box-content\"><h3 class=\"elementor-image-box-title\">Ricardo Uma\u00f1a<\/h3><p class=\"elementor-image-box-description\">Miembro de la Junta<br> Especialista en Liderazgo Empresarial y Estrategia<\/p><\/div><\/div>\t\t\t\t<\/div>\n\t\t\t\t<\/div>\n\t\t\t\t<div class=\"elementor-element elementor-element-790539a elementor-widget elementor-widget-n-accordion\" data-id=\"790539a\" data-element_type=\"widget\" data-settings=\"{&quot;default_state&quot;:&quot;all_collapsed&quot;,&quot;max_items_expended&quot;:&quot;one&quot;,&quot;n_accordion_animation_duration&quot;:{&quot;unit&quot;:&quot;ms&quot;,&quot;size&quot;:400,&quot;sizes&quot;:[]}}\" data-widget_type=\"nested-accordion.default\">\n\t\t\t\t<div class=\"elementor-widget-container\">\n\t\t\t\t\t\t\t<div class=\"e-n-accordion\" aria-label=\"Accordion. Open links with Enter or Space, close with Escape, and navigate with Arrow Keys\">\n\t\t\t\t\t\t<details id=\"e-n-accordion-item-1260\" class=\"e-n-accordion-item\" >\n\t\t\t\t<summary class=\"e-n-accordion-item-title\" data-accordion-index=\"1\" tabindex=\"0\" aria-expanded=\"false\" aria-controls=\"e-n-accordion-item-1260\" >\n\t\t\t\t\t<span class='e-n-accordion-item-title-header'><div class=\"e-n-accordion-item-title-text\"> Leer m\u00e1s <\/div><\/span>\n\t\t\t\t\t\t\t<span class='e-n-accordion-item-title-icon'>\n\t\t\t<span class='e-opened' ><svg aria-hidden=\"true\" class=\"e-font-icon-svg e-fas-minus\" viewbox=\"0 0 448 512\" xmlns=\"http:\/\/www.w3.org\/2000\/svg\"><path d=\"M416 208H32c-17.67 0-32 14.33-32 32v32c0 17.67 14.33 32 32 32h384c17.67 0 32-14.33 32-32v-32c0-17.67-14.33-32-32-32z\"><\/path><\/svg><\/span>\n\t\t\t<span class='e-closed'><svg aria-hidden=\"true\" class=\"e-font-icon-svg e-fas-plus\" viewbox=\"0 0 448 512\" xmlns=\"http:\/\/www.w3.org\/2000\/svg\"><path d=\"M416 208H272V64c0-17.67-14.33-32-32-32h-32c-17.67 0-32 14.33-32 32v144H32c-17.67 0-32 14.33-32 32v32c0 17.67 14.33 32 32 32h144v144c0 17.67 14.33 32 32 32h32c17.67 0 32-14.33 32-32V304h144c17.67 0 32-14.33 32-32v-32c0-17.67-14.33-32-32-32z\"><\/path><\/svg><\/span>\n\t\t<\/span>\n\n\t\t\t\t\t\t<\/summary>\n\t\t\t\t<div role=\"region\" aria-labelledby=\"e-n-accordion-item-1260\" class=\"elementor-element elementor-element-130aa1f e-con-full e-flex e-con e-child\" data-id=\"130aa1f\" data-element_type=\"container\">\n\t\t\t\t<div class=\"elementor-element elementor-element-a2c56d9 elementor-widget elementor-widget-text-editor\" data-id=\"a2c56d9\" data-element_type=\"widget\" data-widget_type=\"text-editor.default\">\n\t\t\t\t<div class=\"elementor-widget-container\">\n\t\t\t\t\t\t\t\t\t<p>Ricardo es ingeniero con formaci\u00f3n en la Universidad de los Andes y el Polit\u00e9cnico de Londres. A lo largo de su vida ha combinado su experiencia empresarial con una profunda pasi\u00f3n por la regeneraci\u00f3n ambiental. Su trayectoria incluye el liderazgo de proyectos forestales innovadores y la direcci\u00f3n de compa\u00f1\u00edas industriales, siempre guiado por una visi\u00f3n de desarrollo sostenible, respeto por la naturaleza y bienestar colectivo.<\/p><p>Como miembro de la Junta Directiva de BioCarbon, aporta su experiencia en gobernanza, estrategia organizacional y seguimiento de indicadores, apoyando el fortalecimiento institucional y la integridad del modelo operativo.<\/p><p>Actualmente vive en San Miguel de Sema, Boyac\u00e1, donde cultiva agraz, cr\u00eda alpacas y acompa\u00f1a procesos de restauraci\u00f3n ecol\u00f3gica. Disfruta del contacto con la tierra, el acompa\u00f1amiento a l\u00edderes y t\u00e9cnicos, y la construcci\u00f3n de proyectos con prop\u00f3sito.<\/p>\t\t\t\t\t\t\t\t<\/div>\n\t\t\t\t<\/div>\n\t\t\t\t<\/div>\n\t\t\t\t\t<\/details>\n\t\t\t\t\t<\/div>\n\t\t\t\t\t\t<\/div>\n\t\t\t\t<\/div>\n\t\t\t\t<\/div>\n\t\t\t\t<\/div>\n\t\t\t\t\t<\/div>\n\t\t\t\t<\/div>\n\t\t<div class=\"elementor-element elementor-element-cf97cc6 e-flex e-con-boxed e-con e-parent\" data-id=\"cf97cc6\" data-element_type=\"container\">\n\t\t\t\t\t<div class=\"e-con-inner\">\n\t\t\t\t<div class=\"elementor-element elementor-element-aa5bb9e elementor-widget-divider--view-line elementor-widget elementor-widget-divider\" data-id=\"aa5bb9e\" data-element_type=\"widget\" data-widget_type=\"divider.default\">\n\t\t\t\t<div class=\"elementor-widget-container\">\n\t\t\t\t\t\t\t<div class=\"elementor-divider\">\n\t\t\t<span class=\"elementor-divider-separator\">\n\t\t\t\t\t\t<\/span>\n\t\t<\/div>\n\t\t\t\t\t\t<\/div>\n\t\t\t\t<\/div>\n\t\t\t\t<div class=\"elementor-element elementor-element-820cfbc elementor-widget elementor-widget-heading\" data-id=\"820cfbc\" data-element_type=\"widget\" data-widget_type=\"heading.default\">\n\t\t\t\t<div class=\"elementor-widget-container\">\n\t\t\t\t\t<h2 class=\"elementor-heading-title elementor-size-default\">Grupo Asesor Independiente\n<\/h2>\t\t\t\t<\/div>\n\t\t\t\t<\/div>\n\t\t\t\t\t<\/div>\n\t\t\t\t<\/div>\n\t\t<div class=\"elementor-element elementor-element-7124eef e-flex e-con-boxed e-con e-parent\" data-id=\"7124eef\" data-element_type=\"container\">\n\t\t\t\t\t<div class=\"e-con-inner\">\n\t\t<div class=\"elementor-element elementor-element-5087ce7 e-con-full elementor-hidden-desktop elementor-hidden-tablet elementor-hidden-mobile e-flex e-con e-child\" data-id=\"5087ce7\" data-element_type=\"container\">\n\t\t<div class=\"elementor-element elementor-element-59be74f e-con-full e-flex e-con e-child\" data-id=\"59be74f\" data-element_type=\"container\">\n\t\t\t\t<div class=\"elementor-element elementor-element-2cbc464 elementor-position-top elementor-widget elementor-widget-image-box\" data-id=\"2cbc464\" data-element_type=\"widget\" data-widget_type=\"image-box.default\">\n\t\t\t\t<div class=\"elementor-widget-container\">\n\t\t\t\t\t<div class=\"elementor-image-box-wrapper\"><figure class=\"elementor-image-box-img\"><img loading=\"lazy\" decoding=\"async\" width=\"512\" height=\"512\" src=\"https:\/\/biocarbonstandard.com\/wp-content\/uploads\/02-copy-3.webp\" class=\"attachment-full size-full wp-image-17214\" alt=\"\" srcset=\"https:\/\/biocarbonstandard.com\/wp-content\/uploads\/02-copy-3.webp 512w, https:\/\/biocarbonstandard.com\/wp-content\/uploads\/02-copy-3-280x280.webp 280w, https:\/\/biocarbonstandard.com\/wp-content\/uploads\/02-copy-3-12x12.webp 12w\" sizes=\"(max-width: 512px) 100vw, 512px\" \/><\/figure><div class=\"elementor-image-box-content\"><h3 class=\"elementor-image-box-title\">Cristina De Andres<\/h3><\/div><\/div>\t\t\t\t<\/div>\n\t\t\t\t<\/div>\n\t\t\t\t<div class=\"elementor-element elementor-element-5ee24a3 elementor-shape-circle e-grid-align-left elementor-hidden-desktop elementor-hidden-tablet elementor-hidden-mobile elementor-grid-0 elementor-widget elementor-widget-social-icons\" data-id=\"5ee24a3\" data-element_type=\"widget\" data-widget_type=\"social-icons.default\">\n\t\t\t\t<div class=\"elementor-widget-container\">\n\t\t\t\t\t\t\t<div class=\"elementor-social-icons-wrapper elementor-grid\">\n\t\t\t\t\t\t\t<span class=\"elementor-grid-item\">\n\t\t\t\t\t<a class=\"elementor-icon elementor-social-icon elementor-social-icon-linkedin elementor-repeater-item-b1df46f\" href=\"http:\/\/linkedin.com\/in\/cristina-de-andres-lopez-83018a1ab\" target=\"_blank\" rel=\"noopener\">\n\t\t\t\t\t\t<span class=\"elementor-screen-only\">Linkedin<\/span>\n\t\t\t\t\t\t<svg aria-hidden=\"true\" class=\"e-font-icon-svg e-fab-linkedin\" viewbox=\"0 0 448 512\" xmlns=\"http:\/\/www.w3.org\/2000\/svg\"><path d=\"M416 32H31.9C14.3 32 0 46.5 0 64.3v383.4C0 465.5 14.3 480 31.9 480H416c17.6 0 32-14.5 32-32.3V64.3c0-17.8-14.4-32.3-32-32.3zM135.4 416H69V202.2h66.5V416zm-33.2-243c-21.3 0-38.5-17.3-38.5-38.5S80.9 96 102.2 96c21.2 0 38.5 17.3 38.5 38.5 0 21.3-17.2 38.5-38.5 38.5zm282.1 243h-66.4V312c0-24.8-.5-56.7-34.5-56.7-34.6 0-39.9 27-39.9 54.9V416h-66.4V202.2h63.7v29.2h.9c8.9-16.8 30.6-34.5 62.9-34.5 67.2 0 79.7 44.3 79.7 101.9V416z\"><\/path><\/svg>\t\t\t\t\t<\/a>\n\t\t\t\t<\/span>\n\t\t\t\t\t<\/div>\n\t\t\t\t\t\t<\/div>\n\t\t\t\t<\/div>\n\t\t\t\t<div class=\"elementor-element elementor-element-5523704 elementor-widget elementor-widget-n-accordion\" data-id=\"5523704\" data-element_type=\"widget\" data-settings=\"{&quot;default_state&quot;:&quot;all_collapsed&quot;,&quot;max_items_expended&quot;:&quot;one&quot;,&quot;n_accordion_animation_duration&quot;:{&quot;unit&quot;:&quot;ms&quot;,&quot;size&quot;:400,&quot;sizes&quot;:[]}}\" data-widget_type=\"nested-accordion.default\">\n\t\t\t\t<div class=\"elementor-widget-container\">\n\t\t\t\t\t\t\t<div class=\"e-n-accordion\" aria-label=\"Accordion. Open links with Enter or Space, close with Escape, and navigate with Arrow Keys\">\n\t\t\t\t\t\t<details id=\"e-n-accordion-item-8920\" class=\"e-n-accordion-item\" >\n\t\t\t\t<summary class=\"e-n-accordion-item-title\" data-accordion-index=\"1\" tabindex=\"0\" aria-expanded=\"false\" aria-controls=\"e-n-accordion-item-8920\" >\n\t\t\t\t\t<span class='e-n-accordion-item-title-header'><div class=\"e-n-accordion-item-title-text\"> Leer m\u00e1s <\/div><\/span>\n\t\t\t\t\t\t\t<span class='e-n-accordion-item-title-icon'>\n\t\t\t<span class='e-opened' ><svg aria-hidden=\"true\" class=\"e-font-icon-svg e-fas-minus\" viewbox=\"0 0 448 512\" xmlns=\"http:\/\/www.w3.org\/2000\/svg\"><path d=\"M416 208H32c-17.67 0-32 14.33-32 32v32c0 17.67 14.33 32 32 32h384c17.67 0 32-14.33 32-32v-32c0-17.67-14.33-32-32-32z\"><\/path><\/svg><\/span>\n\t\t\t<span class='e-closed'><svg aria-hidden=\"true\" class=\"e-font-icon-svg e-fas-plus\" viewbox=\"0 0 448 512\" xmlns=\"http:\/\/www.w3.org\/2000\/svg\"><path d=\"M416 208H272V64c0-17.67-14.33-32-32-32h-32c-17.67 0-32 14.33-32 32v144H32c-17.67 0-32 14.33-32 32v32c0 17.67 14.33 32 32 32h144v144c0 17.67 14.33 32 32 32h32c17.67 0 32-14.33 32-32V304h144c17.67 0 32-14.33 32-32v-32c0-17.67-14.33-32-32-32z\"><\/path><\/svg><\/span>\n\t\t<\/span>\n\n\t\t\t\t\t\t<\/summary>\n\t\t\t\t<div role=\"region\" aria-labelledby=\"e-n-accordion-item-8920\" class=\"elementor-element elementor-element-3acb508 e-con-full e-flex e-con e-child\" data-id=\"3acb508\" data-element_type=\"container\">\n\t\t\t\t<div class=\"elementor-element elementor-element-60f0901 elementor-widget elementor-widget-text-editor\" data-id=\"60f0901\" data-element_type=\"widget\" data-widget_type=\"text-editor.default\">\n\t\t\t\t<div class=\"elementor-widget-container\">\n\t\t\t\t\t\t\t\t\t<p>Cristina trabaj\u00f3 durante siete a\u00f1os como abogada penalista especializada en delitos financieros, cumplimiento normativo corporativo e investigaciones forenses en algunos de los despachos de abogados espa\u00f1oles y multinacionales m\u00e1s prestigiosos, como De Pedraza Abogados y Baker &amp; McKenzie. Ha sido reconocida como una abogada destacada por diversas publicaciones como Global Legal Group Ltd, Law Business Research Ltd y Financier Worldwide.<\/p><p>Tras trabajar durante cuatro a\u00f1os como Consultora principal en materia de prevenci\u00f3n de lavado de dinero y financiaci\u00f3n del terrorismo (PLD\/FT) y anticorrupci\u00f3n en BDO IT Consulting. Cristina trabaja actualmente como consultora asistiendo a clientes en el dise\u00f1o e implementaci\u00f3n de marcos de PLD\/FT, privacidad de datos, anticorrupci\u00f3n y protecci\u00f3n de denunciantes, en distintos sectores, tales como banca, seguros, financiero, alimentario y hotelero. Tambi\u00e9n es responsable de la realizaci\u00f3n de auditor\u00edas PLD\/FT, desarrollo de herramientas de evaluaci\u00f3n de riesgos, redacci\u00f3n de contratos de protecci\u00f3n de datos, elaboraci\u00f3n de informes ESG y la impartici\u00f3n de formaciones corporativas relacionadas con PLD\/FT, cumplimiento normativo y gobierno corporativo. Es formadora acreditada por la MQA y miembro designado del Comit\u00e9 de \u00c9tica en la Investigaci\u00f3n de la Universidad de Mauricio, en calidad de experta en temas legales.<\/p><p>Residente en Mauricio, Cristina disfruta de la naturaleza y de actividades al aire libre como el senderismo, el p\u00e1del y correr.<\/p>\t\t\t\t\t\t\t\t<\/div>\n\t\t\t\t<\/div>\n\t\t\t\t<\/div>\n\t\t\t\t\t<\/details>\n\t\t\t\t\t<\/div>\n\t\t\t\t\t\t<\/div>\n\t\t\t\t<\/div>\n\t\t\t\t<\/div>\n\t\t\t\t<\/div>\n\t\t<div class=\"elementor-element elementor-element-7e42091 e-con-full e-flex e-con e-child\" data-id=\"7e42091\" data-element_type=\"container\">\n\t\t<div class=\"elementor-element elementor-element-3e8a65d e-con-full e-flex e-con e-child\" data-id=\"3e8a65d\" data-element_type=\"container\">\n\t\t\t\t<div class=\"elementor-element elementor-element-97e99da elementor-position-top elementor-widget elementor-widget-image-box\" data-id=\"97e99da\" data-element_type=\"widget\" data-widget_type=\"image-box.default\">\n\t\t\t\t<div class=\"elementor-widget-container\">\n\t\t\t\t\t<div class=\"elementor-image-box-wrapper\"><figure class=\"elementor-image-box-img\"><img loading=\"lazy\" decoding=\"async\" width=\"512\" height=\"512\" src=\"https:\/\/biocarbonstandard.com\/wp-content\/uploads\/02-copy-5.webp\" class=\"attachment-full size-full wp-image-17216\" alt=\"\" srcset=\"https:\/\/biocarbonstandard.com\/wp-content\/uploads\/02-copy-5.webp 512w, https:\/\/biocarbonstandard.com\/wp-content\/uploads\/02-copy-5-280x280.webp 280w, https:\/\/biocarbonstandard.com\/wp-content\/uploads\/02-copy-5-12x12.webp 12w\" sizes=\"(max-width: 512px) 100vw, 512px\" \/><\/figure><div class=\"elementor-image-box-content\"><h3 class=\"elementor-image-box-title\">Lucas Zaehringer<\/h3><\/div><\/div>\t\t\t\t<\/div>\n\t\t\t\t<\/div>\n\t\t\t\t<div class=\"elementor-element elementor-element-ae3e356 elementor-shape-circle e-grid-align-left elementor-hidden-desktop elementor-hidden-tablet elementor-hidden-mobile elementor-grid-0 elementor-widget elementor-widget-social-icons\" data-id=\"ae3e356\" data-element_type=\"widget\" data-widget_type=\"social-icons.default\">\n\t\t\t\t<div class=\"elementor-widget-container\">\n\t\t\t\t\t\t\t<div class=\"elementor-social-icons-wrapper elementor-grid\">\n\t\t\t\t\t\t\t<span class=\"elementor-grid-item\">\n\t\t\t\t\t<a class=\"elementor-icon elementor-social-icon elementor-social-icon-linkedin elementor-repeater-item-b1df46f\" href=\"https:\/\/www.linkedin.com\/in\/lucas-zaehringer-65725145\/\" target=\"_blank\" rel=\"noopener\">\n\t\t\t\t\t\t<span class=\"elementor-screen-only\">Linkedin<\/span>\n\t\t\t\t\t\t<svg aria-hidden=\"true\" class=\"e-font-icon-svg e-fab-linkedin\" viewbox=\"0 0 448 512\" xmlns=\"http:\/\/www.w3.org\/2000\/svg\"><path d=\"M416 32H31.9C14.3 32 0 46.5 0 64.3v383.4C0 465.5 14.3 480 31.9 480H416c17.6 0 32-14.5 32-32.3V64.3c0-17.8-14.4-32.3-32-32.3zM135.4 416H69V202.2h66.5V416zm-33.2-243c-21.3 0-38.5-17.3-38.5-38.5S80.9 96 102.2 96c21.2 0 38.5 17.3 38.5 38.5 0 21.3-17.2 38.5-38.5 38.5zm282.1 243h-66.4V312c0-24.8-.5-56.7-34.5-56.7-34.6 0-39.9 27-39.9 54.9V416h-66.4V202.2h63.7v29.2h.9c8.9-16.8 30.6-34.5 62.9-34.5 67.2 0 79.7 44.3 79.7 101.9V416z\"><\/path><\/svg>\t\t\t\t\t<\/a>\n\t\t\t\t<\/span>\n\t\t\t\t\t<\/div>\n\t\t\t\t\t\t<\/div>\n\t\t\t\t<\/div>\n\t\t\t\t<div class=\"elementor-element elementor-element-061db55 elementor-widget elementor-widget-n-accordion\" data-id=\"061db55\" data-element_type=\"widget\" data-settings=\"{&quot;default_state&quot;:&quot;all_collapsed&quot;,&quot;max_items_expended&quot;:&quot;one&quot;,&quot;n_accordion_animation_duration&quot;:{&quot;unit&quot;:&quot;ms&quot;,&quot;size&quot;:400,&quot;sizes&quot;:[]}}\" data-widget_type=\"nested-accordion.default\">\n\t\t\t\t<div class=\"elementor-widget-container\">\n\t\t\t\t\t\t\t<div class=\"e-n-accordion\" aria-label=\"Accordion. Open links with Enter or Space, close with Escape, and navigate with Arrow Keys\">\n\t\t\t\t\t\t<details id=\"e-n-accordion-item-6410\" class=\"e-n-accordion-item\" >\n\t\t\t\t<summary class=\"e-n-accordion-item-title\" data-accordion-index=\"1\" tabindex=\"0\" aria-expanded=\"false\" aria-controls=\"e-n-accordion-item-6410\" >\n\t\t\t\t\t<span class='e-n-accordion-item-title-header'><div class=\"e-n-accordion-item-title-text\"> Leer m\u00e1s <\/div><\/span>\n\t\t\t\t\t\t\t<span class='e-n-accordion-item-title-icon'>\n\t\t\t<span class='e-opened' ><svg aria-hidden=\"true\" class=\"e-font-icon-svg e-fas-minus\" viewbox=\"0 0 448 512\" xmlns=\"http:\/\/www.w3.org\/2000\/svg\"><path d=\"M416 208H32c-17.67 0-32 14.33-32 32v32c0 17.67 14.33 32 32 32h384c17.67 0 32-14.33 32-32v-32c0-17.67-14.33-32-32-32z\"><\/path><\/svg><\/span>\n\t\t\t<span class='e-closed'><svg aria-hidden=\"true\" class=\"e-font-icon-svg e-fas-plus\" viewbox=\"0 0 448 512\" xmlns=\"http:\/\/www.w3.org\/2000\/svg\"><path d=\"M416 208H272V64c0-17.67-14.33-32-32-32h-32c-17.67 0-32 14.33-32 32v144H32c-17.67 0-32 14.33-32 32v32c0 17.67 14.33 32 32 32h144v144c0 17.67 14.33 32 32 32h32c17.67 0 32-14.33 32-32V304h144c17.67 0 32-14.33 32-32v-32c0-17.67-14.33-32-32-32z\"><\/path><\/svg><\/span>\n\t\t<\/span>\n\n\t\t\t\t\t\t<\/summary>\n\t\t\t\t<div role=\"region\" aria-labelledby=\"e-n-accordion-item-6410\" class=\"elementor-element elementor-element-fd751cd e-con-full e-flex e-con e-child\" data-id=\"fd751cd\" data-element_type=\"container\">\n\t\t\t\t<div class=\"elementor-element elementor-element-1cb7d1c elementor-widget elementor-widget-text-editor\" data-id=\"1cb7d1c\" data-element_type=\"widget\" data-widget_type=\"text-editor.default\">\n\t\t\t\t<div class=\"elementor-widget-container\">\n\t\t\t\t\t\t\t\t\t<p>Lucas estudi\u00f3 Administraci\u00f3n de Empresas y Gesti\u00f3n de la Tecnolog\u00eda y la Innovaci\u00f3n, en Francia y Alemania. Con m\u00e1s de 10 a\u00f1os de experiencia en los mercados de la energ\u00eda, la qu\u00edmica y la sostenibilidad.<\/p><p>Lucas pas\u00f3 8 a\u00f1os dirigiendo equipos de consultor\u00eda para diferentes empresas corporativas e industriales globales. En 2017 fund\u00f3 la asociaci\u00f3n Positiveblockchain.io, que gestiona el mayor directorio de proyectos y empresas emergentes de blockchain en el \u00e1mbito de la sostenibilidad. Sus actividades y experiencia en este campo le llevaron a ocupar el puesto de Jefe de Clima en la empresa de blockchain Blocksize, con sede en Fr\u00e1ncfort (Alemania).<\/p><p>Durante los \u00faltimos dos a\u00f1os, Lucas ha desempe\u00f1ado un importante papel como Director para Europa y Director de Producto de la empresa conjunta Verity-Tracking entre Blocksize y un importante productor estadounidense de combustibles sostenibles (Gevo). Ha contribuido al desarrollo de soluciones dMRV Saas para recopilar, verificar y tokenizar datos de emisiones y otras declaraciones de sostenibilidad en las cadenas de valor de la agricultura regenerativa y los biocombustibles. Lucas es miembro del comit\u00e9 directivo de BC100+ que promueve blockchain en apoyo de la Carta de Valores de las Naciones Unidas, miembro del Grupo de Trabajo de Impacto Social de INATBA (Asociaci\u00f3n Europea de la Industria Blockchain), as\u00ed como jefe del grupo de trabajo para el mapeo del ecosistema de carbono Web3 en ECOTA, donde estableci\u00f3 una base de datos de 190 nuevas empresas que utilizan blockchain en la cadena de valor del carbono.<\/p><p>Lucas tambi\u00e9n ha participado activamente en redes de emprendimiento social como MakeSense o Yunus Social Business.<\/p>\t\t\t\t\t\t\t\t<\/div>\n\t\t\t\t<\/div>\n\t\t\t\t<\/div>\n\t\t\t\t\t<\/details>\n\t\t\t\t\t<\/div>\n\t\t\t\t\t\t<\/div>\n\t\t\t\t<\/div>\n\t\t\t\t<\/div>\n\t\t\t\t<\/div>\n\t\t<div class=\"elementor-element elementor-element-b942bd2 e-con-full e-flex e-con e-child\" data-id=\"b942bd2\" data-element_type=\"container\">\n\t\t<div class=\"elementor-element elementor-element-8e5b1ad e-con-full e-flex e-con e-child\" data-id=\"8e5b1ad\" data-element_type=\"container\">\n\t\t\t\t<div class=\"elementor-element elementor-element-bd03c51 elementor-position-top elementor-widget elementor-widget-image-box\" data-id=\"bd03c51\" data-element_type=\"widget\" data-widget_type=\"image-box.default\">\n\t\t\t\t<div class=\"elementor-widget-container\">\n\t\t\t\t\t<div class=\"elementor-image-box-wrapper\"><figure class=\"elementor-image-box-img\"><img loading=\"lazy\" decoding=\"async\" width=\"512\" height=\"512\" src=\"https:\/\/biocarbonstandard.com\/wp-content\/uploads\/02-copy-6.webp\" class=\"attachment-full size-full wp-image-17217\" alt=\"\" srcset=\"https:\/\/biocarbonstandard.com\/wp-content\/uploads\/02-copy-6.webp 512w, https:\/\/biocarbonstandard.com\/wp-content\/uploads\/02-copy-6-280x280.webp 280w, https:\/\/biocarbonstandard.com\/wp-content\/uploads\/02-copy-6-12x12.webp 12w\" sizes=\"(max-width: 512px) 100vw, 512px\" \/><\/figure><div class=\"elementor-image-box-content\"><h3 class=\"elementor-image-box-title\">Yves Mariko<\/h3><\/div><\/div>\t\t\t\t<\/div>\n\t\t\t\t<\/div>\n\t\t\t\t<div class=\"elementor-element elementor-element-0a88cc5 elementor-shape-circle e-grid-align-left elementor-hidden-desktop elementor-hidden-tablet elementor-hidden-mobile elementor-grid-0 elementor-widget elementor-widget-social-icons\" data-id=\"0a88cc5\" data-element_type=\"widget\" data-widget_type=\"social-icons.default\">\n\t\t\t\t<div class=\"elementor-widget-container\">\n\t\t\t\t\t\t\t<div class=\"elementor-social-icons-wrapper elementor-grid\">\n\t\t\t\t\t\t\t<span class=\"elementor-grid-item\">\n\t\t\t\t\t<a class=\"elementor-icon elementor-social-icon elementor-social-icon-linkedin elementor-repeater-item-b1df46f\" href=\"https:\/\/www.linkedin.com\/in\/yves-m-988615106\/\" target=\"_blank\" rel=\"noopener\">\n\t\t\t\t\t\t<span class=\"elementor-screen-only\">Linkedin<\/span>\n\t\t\t\t\t\t<svg aria-hidden=\"true\" class=\"e-font-icon-svg e-fab-linkedin\" viewbox=\"0 0 448 512\" xmlns=\"http:\/\/www.w3.org\/2000\/svg\"><path d=\"M416 32H31.9C14.3 32 0 46.5 0 64.3v383.4C0 465.5 14.3 480 31.9 480H416c17.6 0 32-14.5 32-32.3V64.3c0-17.8-14.4-32.3-32-32.3zM135.4 416H69V202.2h66.5V416zm-33.2-243c-21.3 0-38.5-17.3-38.5-38.5S80.9 96 102.2 96c21.2 0 38.5 17.3 38.5 38.5 0 21.3-17.2 38.5-38.5 38.5zm282.1 243h-66.4V312c0-24.8-.5-56.7-34.5-56.7-34.6 0-39.9 27-39.9 54.9V416h-66.4V202.2h63.7v29.2h.9c8.9-16.8 30.6-34.5 62.9-34.5 67.2 0 79.7 44.3 79.7 101.9V416z\"><\/path><\/svg>\t\t\t\t\t<\/a>\n\t\t\t\t<\/span>\n\t\t\t\t\t<\/div>\n\t\t\t\t\t\t<\/div>\n\t\t\t\t<\/div>\n\t\t\t\t<div class=\"elementor-element elementor-element-e1b92da elementor-widget elementor-widget-n-accordion\" data-id=\"e1b92da\" data-element_type=\"widget\" data-settings=\"{&quot;default_state&quot;:&quot;all_collapsed&quot;,&quot;max_items_expended&quot;:&quot;one&quot;,&quot;n_accordion_animation_duration&quot;:{&quot;unit&quot;:&quot;ms&quot;,&quot;size&quot;:400,&quot;sizes&quot;:[]}}\" data-widget_type=\"nested-accordion.default\">\n\t\t\t\t<div class=\"elementor-widget-container\">\n\t\t\t\t\t\t\t<div class=\"e-n-accordion\" aria-label=\"Accordion. Open links with Enter or Space, close with Escape, and navigate with Arrow Keys\">\n\t\t\t\t\t\t<details id=\"e-n-accordion-item-2360\" class=\"e-n-accordion-item\" >\n\t\t\t\t<summary class=\"e-n-accordion-item-title\" data-accordion-index=\"1\" tabindex=\"0\" aria-expanded=\"false\" aria-controls=\"e-n-accordion-item-2360\" >\n\t\t\t\t\t<span class='e-n-accordion-item-title-header'><div class=\"e-n-accordion-item-title-text\"> Leer m\u00e1s <\/div><\/span>\n\t\t\t\t\t\t\t<span class='e-n-accordion-item-title-icon'>\n\t\t\t<span class='e-opened' ><svg aria-hidden=\"true\" class=\"e-font-icon-svg e-fas-minus\" viewbox=\"0 0 448 512\" xmlns=\"http:\/\/www.w3.org\/2000\/svg\"><path d=\"M416 208H32c-17.67 0-32 14.33-32 32v32c0 17.67 14.33 32 32 32h384c17.67 0 32-14.33 32-32v-32c0-17.67-14.33-32-32-32z\"><\/path><\/svg><\/span>\n\t\t\t<span class='e-closed'><svg aria-hidden=\"true\" class=\"e-font-icon-svg e-fas-plus\" viewbox=\"0 0 448 512\" xmlns=\"http:\/\/www.w3.org\/2000\/svg\"><path d=\"M416 208H272V64c0-17.67-14.33-32-32-32h-32c-17.67 0-32 14.33-32 32v144H32c-17.67 0-32 14.33-32 32v32c0 17.67 14.33 32 32 32h144v144c0 17.67 14.33 32 32 32h32c17.67 0 32-14.33 32-32V304h144c17.67 0 32-14.33 32-32v-32c0-17.67-14.33-32-32-32z\"><\/path><\/svg><\/span>\n\t\t<\/span>\n\n\t\t\t\t\t\t<\/summary>\n\t\t\t\t<div role=\"region\" aria-labelledby=\"e-n-accordion-item-2360\" class=\"elementor-element elementor-element-27ba44f e-con-full e-flex e-con e-child\" data-id=\"27ba44f\" data-element_type=\"container\">\n\t\t\t\t<div class=\"elementor-element elementor-element-3102fde elementor-widget elementor-widget-text-editor\" data-id=\"3102fde\" data-element_type=\"widget\" data-widget_type=\"text-editor.default\">\n\t\t\t\t<div class=\"elementor-widget-container\">\n\t\t\t\t\t\t\t\t\t<p>Yves Mariko es actualmente economista asociado senior de Africa Energy Transition Services (AETS). Originalmente formado como investigador en econom\u00eda de la energ\u00eda y el carbono, en los \u00faltimos a\u00f1os Yves ha desarrollado una experiencia significativa en \u00c1frica, tanto en la comprensi\u00f3n de los desaf\u00edos operativos como tecnol\u00f3gicos y financieros asociados con la descarbonizaci\u00f3n para entidades pioneras en \u00c1frica.<\/p><p>Yves ha desempe\u00f1ado un papel fundamental en iniciativas como ayudar a la Comunidad Econ\u00f3mica de los Estados de \u00c1frica Occidental (CEDEAO) a desarrollar un mercado estandarizado de cr\u00e9ditos de carbono. Adem\u00e1s, Yves ha desempe\u00f1ado un papel decisivo en la obtenci\u00f3n de financiaci\u00f3n para importantes proyectos medioambientales, incluido el apoyo a la Rep\u00fablica de Chad en la financiaci\u00f3n de la Gran Muralla Verde y la facilitaci\u00f3n de proyectos urbanos sostenibles en Costa de Marfil, lo que demuestra su compromiso con el avance de iniciativas de desarrollo sostenible en la regi\u00f3n.<\/p>\t\t\t\t\t\t\t\t<\/div>\n\t\t\t\t<\/div>\n\t\t\t\t<\/div>\n\t\t\t\t\t<\/details>\n\t\t\t\t\t<\/div>\n\t\t\t\t\t\t<\/div>\n\t\t\t\t<\/div>\n\t\t\t\t<\/div>\n\t\t\t\t<\/div>\n\t\t<div class=\"elementor-element elementor-element-d6dbb36 e-con-full e-flex e-con e-child\" data-id=\"d6dbb36\" data-element_type=\"container\">\n\t\t<div class=\"elementor-element elementor-element-eb30650 e-con-full e-flex e-con e-child\" data-id=\"eb30650\" data-element_type=\"container\">\n\t\t\t\t<div class=\"elementor-element elementor-element-7129d69 elementor-position-top elementor-widget elementor-widget-image-box\" data-id=\"7129d69\" data-element_type=\"widget\" data-widget_type=\"image-box.default\">\n\t\t\t\t<div class=\"elementor-widget-container\">\n\t\t\t\t\t<div class=\"elementor-image-box-wrapper\"><figure class=\"elementor-image-box-img\"><img loading=\"lazy\" decoding=\"async\" width=\"512\" height=\"512\" src=\"https:\/\/biocarbonstandard.com\/wp-content\/uploads\/02-copy-7.webp\" class=\"attachment-full size-full wp-image-17218\" alt=\"\" srcset=\"https:\/\/biocarbonstandard.com\/wp-content\/uploads\/02-copy-7.webp 512w, https:\/\/biocarbonstandard.com\/wp-content\/uploads\/02-copy-7-280x280.webp 280w, https:\/\/biocarbonstandard.com\/wp-content\/uploads\/02-copy-7-12x12.webp 12w\" sizes=\"(max-width: 512px) 100vw, 512px\" \/><\/figure><div class=\"elementor-image-box-content\"><h3 class=\"elementor-image-box-title\">Onur G\u00fcnduru<\/h3><\/div><\/div>\t\t\t\t<\/div>\n\t\t\t\t<\/div>\n\t\t\t\t<div class=\"elementor-element elementor-element-f6e7307 elementor-shape-circle e-grid-align-left elementor-hidden-desktop elementor-hidden-tablet elementor-hidden-mobile elementor-grid-0 elementor-widget elementor-widget-social-icons\" data-id=\"f6e7307\" data-element_type=\"widget\" data-widget_type=\"social-icons.default\">\n\t\t\t\t<div class=\"elementor-widget-container\">\n\t\t\t\t\t\t\t<div class=\"elementor-social-icons-wrapper elementor-grid\">\n\t\t\t\t\t\t\t<span class=\"elementor-grid-item\">\n\t\t\t\t\t<a class=\"elementor-icon elementor-social-icon elementor-social-icon-linkedin elementor-repeater-item-b1df46f\" href=\"https:\/\/www.linkedin.com\/in\/gunduru\/\" target=\"_blank\" rel=\"noopener\">\n\t\t\t\t\t\t<span class=\"elementor-screen-only\">Linkedin<\/span>\n\t\t\t\t\t\t<svg aria-hidden=\"true\" class=\"e-font-icon-svg e-fab-linkedin\" viewbox=\"0 0 448 512\" xmlns=\"http:\/\/www.w3.org\/2000\/svg\"><path d=\"M416 32H31.9C14.3 32 0 46.5 0 64.3v383.4C0 465.5 14.3 480 31.9 480H416c17.6 0 32-14.5 32-32.3V64.3c0-17.8-14.4-32.3-32-32.3zM135.4 416H69V202.2h66.5V416zm-33.2-243c-21.3 0-38.5-17.3-38.5-38.5S80.9 96 102.2 96c21.2 0 38.5 17.3 38.5 38.5 0 21.3-17.2 38.5-38.5 38.5zm282.1 243h-66.4V312c0-24.8-.5-56.7-34.5-56.7-34.6 0-39.9 27-39.9 54.9V416h-66.4V202.2h63.7v29.2h.9c8.9-16.8 30.6-34.5 62.9-34.5 67.2 0 79.7 44.3 79.7 101.9V416z\"><\/path><\/svg>\t\t\t\t\t<\/a>\n\t\t\t\t<\/span>\n\t\t\t\t\t<\/div>\n\t\t\t\t\t\t<\/div>\n\t\t\t\t<\/div>\n\t\t\t\t<div class=\"elementor-element elementor-element-a80a506 elementor-widget elementor-widget-n-accordion\" data-id=\"a80a506\" data-element_type=\"widget\" data-settings=\"{&quot;default_state&quot;:&quot;all_collapsed&quot;,&quot;max_items_expended&quot;:&quot;one&quot;,&quot;n_accordion_animation_duration&quot;:{&quot;unit&quot;:&quot;ms&quot;,&quot;size&quot;:400,&quot;sizes&quot;:[]}}\" data-widget_type=\"nested-accordion.default\">\n\t\t\t\t<div class=\"elementor-widget-container\">\n\t\t\t\t\t\t\t<div class=\"e-n-accordion\" aria-label=\"Accordion. Open links with Enter or Space, close with Escape, and navigate with Arrow Keys\">\n\t\t\t\t\t\t<details id=\"e-n-accordion-item-1760\" class=\"e-n-accordion-item\" >\n\t\t\t\t<summary class=\"e-n-accordion-item-title\" data-accordion-index=\"1\" tabindex=\"0\" aria-expanded=\"false\" aria-controls=\"e-n-accordion-item-1760\" >\n\t\t\t\t\t<span class='e-n-accordion-item-title-header'><div class=\"e-n-accordion-item-title-text\"> Leer m\u00e1s <\/div><\/span>\n\t\t\t\t\t\t\t<span class='e-n-accordion-item-title-icon'>\n\t\t\t<span class='e-opened' ><svg aria-hidden=\"true\" class=\"e-font-icon-svg e-fas-minus\" viewbox=\"0 0 448 512\" xmlns=\"http:\/\/www.w3.org\/2000\/svg\"><path d=\"M416 208H32c-17.67 0-32 14.33-32 32v32c0 17.67 14.33 32 32 32h384c17.67 0 32-14.33 32-32v-32c0-17.67-14.33-32-32-32z\"><\/path><\/svg><\/span>\n\t\t\t<span class='e-closed'><svg aria-hidden=\"true\" class=\"e-font-icon-svg e-fas-plus\" viewbox=\"0 0 448 512\" xmlns=\"http:\/\/www.w3.org\/2000\/svg\"><path d=\"M416 208H272V64c0-17.67-14.33-32-32-32h-32c-17.67 0-32 14.33-32 32v144H32c-17.67 0-32 14.33-32 32v32c0 17.67 14.33 32 32 32h144v144c0 17.67 14.33 32 32 32h32c17.67 0 32-14.33 32-32V304h144c17.67 0 32-14.33 32-32v-32c0-17.67-14.33-32-32-32z\"><\/path><\/svg><\/span>\n\t\t<\/span>\n\n\t\t\t\t\t\t<\/summary>\n\t\t\t\t<div role=\"region\" aria-labelledby=\"e-n-accordion-item-1760\" class=\"elementor-element elementor-element-5f1e410 e-con-full e-flex e-con e-child\" data-id=\"5f1e410\" data-element_type=\"container\">\n\t\t\t\t<div class=\"elementor-element elementor-element-fa121a1 elementor-widget elementor-widget-text-editor\" data-id=\"fa121a1\" data-element_type=\"widget\" data-widget_type=\"text-editor.default\">\n\t\t\t\t<div class=\"elementor-widget-container\">\n\t\t\t\t\t\t\t\t\t<p>Como socio director de Onur Enerji, persigue su pasi\u00f3n por la acci\u00f3n clim\u00e1tica ofreciendo servicios de tecnolog\u00eda limpia en una amplia gama de temas relacionados con la eficiencia energ\u00e9tica y las tecnolog\u00edas de energ\u00eda renovable. Es miembro de la junta directiva de ENSIA Turkish Clean-Tech Cluster y EYODER.<\/p><p>En su trayectoria profesional multifac\u00e9tica, Onur se destaca como consultor, orador p\u00fablico, mentor e inversor, centr\u00e1ndose en energ\u00edas alternativas, econom\u00edas bajas en carbono y tecnolog\u00edas de pr\u00f3xima generaci\u00f3n. Su cartera de proyectos abarca un espectro de iniciativas, que incluyen investigaci\u00f3n energ\u00e9tica financiada con fondos p\u00fablicos, cumplimiento de la norma ISO 50001, auditor\u00edas energ\u00e9ticas, medici\u00f3n y verificaci\u00f3n, gesti\u00f3n energ\u00e9tica y programas de capacitaci\u00f3n personalizados para fondos de energ\u00eda limpia, bancos y empresas en general.<\/p><p>Con un ferviente compromiso de combatir el cambio clim\u00e1tico, Onur encabeza la transformaci\u00f3n hacia tecnolog\u00edas de eficiencia energ\u00e9tica, tecnolog\u00edas limpias y energ\u00edas renovables.<\/p>\t\t\t\t\t\t\t\t<\/div>\n\t\t\t\t<\/div>\n\t\t\t\t<\/div>\n\t\t\t\t\t<\/details>\n\t\t\t\t\t<\/div>\n\t\t\t\t\t\t<\/div>\n\t\t\t\t<\/div>\n\t\t\t\t<\/div>\n\t\t\t\t<\/div>\n\t\t<div class=\"elementor-element elementor-element-8b20dca e-con-full e-flex e-con e-child\" data-id=\"8b20dca\" data-element_type=\"container\">\n\t\t\t\t<\/div>\n\t\t<div class=\"elementor-element elementor-element-fd72664 e-con-full e-flex e-con e-child\" data-id=\"fd72664\" data-element_type=\"container\">\n\t\t\t\t<\/div>\n\t\t\t\t\t<\/div>\n\t\t\t\t<\/div>\n\t\t<div class=\"elementor-element elementor-element-bcbd8b8 elementor-hidden-desktop elementor-hidden-tablet elementor-hidden-mobile e-flex e-con-boxed e-con e-parent\" data-id=\"bcbd8b8\" data-element_type=\"container\">\n\t\t\t\t\t<div class=\"e-con-inner\">\n\t\t<div class=\"elementor-element elementor-element-dfed3af e-con-full e-flex e-con e-child\" data-id=\"dfed3af\" data-element_type=\"container\">\n\t\t\t\t<\/div>\n\t\t<div class=\"elementor-element elementor-element-0f36613 e-con-full e-flex e-con e-child\" data-id=\"0f36613\" data-element_type=\"container\">\n\t\t\t\t<\/div>\n\t\t<div class=\"elementor-element elementor-element-b8852df e-con-full e-flex e-con e-child\" data-id=\"b8852df\" data-element_type=\"container\">\n\t\t\t\t<\/div>\n\t\t<div class=\"elementor-element elementor-element-874c430 e-con-full e-flex e-con e-child\" data-id=\"874c430\" data-element_type=\"container\">\n\t\t\t\t<\/div>\n\t\t\t\t\t<\/div>\n\t\t\t\t<\/div>\n\t\t<div class=\"elementor-element elementor-element-6ce603a e-flex e-con-boxed e-con e-parent\" data-id=\"6ce603a\" data-element_type=\"container\">\n\t\t\t\t\t<div class=\"e-con-inner\">\n\t\t<div class=\"elementor-element elementor-element-55f2344 e-flex e-con-boxed e-con e-child\" data-id=\"55f2344\" data-element_type=\"container\" data-settings=\"{&quot;background_background&quot;:&quot;gradient&quot;}\">\n\t\t\t\t\t<div class=\"e-con-inner\">\n\t\t\t\t<div class=\"elementor-element elementor-element-8fa41be elementor-widget elementor-widget-heading\" data-id=\"8fa41be\" data-element_type=\"widget\" data-widget_type=\"heading.default\">\n\t\t\t\t<div class=\"elementor-widget-container\">\n\t\t\t\t\t<h2 class=\"elementor-heading-title elementor-size-default\">Nuestro Equipo<\/h2>\t\t\t\t<\/div>\n\t\t\t\t<\/div>\n\t\t<div class=\"elementor-element elementor-element-e6b3c25 e-con-full e-flex e-con e-child\" data-id=\"e6b3c25\" data-element_type=\"container\">\n\t\t<div class=\"elementor-element elementor-element-f0e0ea2 e-con-full e-flex e-con e-child\" data-id=\"f0e0ea2\" data-element_type=\"container\">\n\t\t<div class=\"elementor-element elementor-element-2eb666d e-con-full e-flex e-con e-child\" data-id=\"2eb666d\" data-element_type=\"container\" data-settings=\"{&quot;background_background&quot;:&quot;classic&quot;}\">\n\t\t\t\t<div class=\"elementor-element elementor-element-994ddab elementor-position-top elementor-widget elementor-widget-image-box\" data-id=\"994ddab\" data-element_type=\"widget\" data-widget_type=\"image-box.default\">\n\t\t\t\t<div class=\"elementor-widget-container\">\n\t\t\t\t\t<div class=\"elementor-image-box-wrapper\"><figure class=\"elementor-image-box-img\"><img loading=\"lazy\" decoding=\"async\" width=\"2560\" height=\"2560\" src=\"https:\/\/biocarbonstandard.com\/wp-content\/uploads\/Alberto-Ramirez-scaled.webp\" class=\"attachment-full size-full wp-image-18458\" alt=\"\" srcset=\"https:\/\/biocarbonstandard.com\/wp-content\/uploads\/Alberto-Ramirez-scaled.webp 2560w, https:\/\/biocarbonstandard.com\/wp-content\/uploads\/Alberto-Ramirez-280x280.webp 280w, https:\/\/biocarbonstandard.com\/wp-content\/uploads\/Alberto-Ramirez-768x768.webp 768w, https:\/\/biocarbonstandard.com\/wp-content\/uploads\/Alberto-Ramirez-1536x1536.webp 1536w, https:\/\/biocarbonstandard.com\/wp-content\/uploads\/Alberto-Ramirez-2048x2048.webp 2048w, https:\/\/biocarbonstandard.com\/wp-content\/uploads\/Alberto-Ramirez-12x12.webp 12w\" sizes=\"(max-width: 2560px) 100vw, 2560px\" \/><\/figure><div class=\"elementor-image-box-content\"><h3 class=\"elementor-image-box-title\">Alberto Ram\u00edrez<\/h3><p class=\"elementor-image-box-description\">L\u00edder T\u00e9cnico del Programa de Biodiversidad<\/p><\/div><\/div>\t\t\t\t<\/div>\n\t\t\t\t<\/div>\n\t\t\t\t<div class=\"elementor-element elementor-element-f0fb94f elementor-widget elementor-widget-n-accordion\" data-id=\"f0fb94f\" data-element_type=\"widget\" data-settings=\"{&quot;default_state&quot;:&quot;all_collapsed&quot;,&quot;max_items_expended&quot;:&quot;one&quot;,&quot;n_accordion_animation_duration&quot;:{&quot;unit&quot;:&quot;ms&quot;,&quot;size&quot;:400,&quot;sizes&quot;:[]}}\" data-widget_type=\"nested-accordion.default\">\n\t\t\t\t<div class=\"elementor-widget-container\">\n\t\t\t\t\t\t\t<div class=\"e-n-accordion\" aria-label=\"Accordion. Open links with Enter or Space, close with Escape, and navigate with Arrow Keys\">\n\t\t\t\t\t\t<details id=\"e-n-accordion-item-2520\" class=\"e-n-accordion-item\" >\n\t\t\t\t<summary class=\"e-n-accordion-item-title\" data-accordion-index=\"1\" tabindex=\"0\" aria-expanded=\"false\" aria-controls=\"e-n-accordion-item-2520\" >\n\t\t\t\t\t<span class='e-n-accordion-item-title-header'><div class=\"e-n-accordion-item-title-text\"> Leer m\u00e1s <\/div><\/span>\n\t\t\t\t\t\t\t<span class='e-n-accordion-item-title-icon'>\n\t\t\t<span class='e-opened' ><svg aria-hidden=\"true\" class=\"e-font-icon-svg e-fas-minus\" viewbox=\"0 0 448 512\" xmlns=\"http:\/\/www.w3.org\/2000\/svg\"><path d=\"M416 208H32c-17.67 0-32 14.33-32 32v32c0 17.67 14.33 32 32 32h384c17.67 0 32-14.33 32-32v-32c0-17.67-14.33-32-32-32z\"><\/path><\/svg><\/span>\n\t\t\t<span class='e-closed'><svg aria-hidden=\"true\" class=\"e-font-icon-svg e-fas-plus\" viewbox=\"0 0 448 512\" xmlns=\"http:\/\/www.w3.org\/2000\/svg\"><path d=\"M416 208H272V64c0-17.67-14.33-32-32-32h-32c-17.67 0-32 14.33-32 32v144H32c-17.67 0-32 14.33-32 32v32c0 17.67 14.33 32 32 32h144v144c0 17.67 14.33 32 32 32h32c17.67 0 32-14.33 32-32V304h144c17.67 0 32-14.33 32-32v-32c0-17.67-14.33-32-32-32z\"><\/path><\/svg><\/span>\n\t\t<\/span>\n\n\t\t\t\t\t\t<\/summary>\n\t\t\t\t<div role=\"region\" aria-labelledby=\"e-n-accordion-item-2520\" class=\"elementor-element elementor-element-c609016 e-con-full e-flex e-con e-child\" data-id=\"c609016\" data-element_type=\"container\">\n\t\t\t\t<div class=\"elementor-element elementor-element-225c4d5 elementor-widget elementor-widget-text-editor\" data-id=\"225c4d5\" data-element_type=\"widget\" data-widget_type=\"text-editor.default\">\n\t\t\t\t<div class=\"elementor-widget-container\">\n\t\t\t\t\t\t\t\t\t<p>Alberto es entusiasta de impulsar econom\u00edas bajas en carbono que al mismo tiempo protejan nuestra valiosa biodiversidad y recursos naturales. Con m\u00e1s de 15 a\u00f1os de experiencia, ha trabajado con comunidades rurales e ind\u00edgenas para desarrollar proyectos de manejo forestal sostenible y captura de carbono para el mercado voluntario de carbono, adem\u00e1s de asesorar a ONG y agencias gubernamentales en M\u00e9xico y en el extranjero.<\/p><p>De 2023 a 2026, se desempe\u00f1\u00f3 como experto en Pueblos Ind\u00edgenas y Comunidades Locales (IPLCs, por sus siglas en ingl\u00e9s) en el ICVCM y como copresidente del Panel de Expertos de la Partnership for Agricultural Carbon. Anteriormente, lider\u00f3 el proyecto comunitario de secuestro de carbono m\u00e1s grande de M\u00e9xico, enfocado en fortalecer las salvaguardas sociales para lograr un mercado m\u00e1s transparente y equitativo.<\/p><p>Tambi\u00e9n ha contribuido al desarrollo de protocolos de carbono forestal en M\u00e9xico, Panam\u00e1 y Guatemala. En BioCarbon, Alberto tiene el cargo de L\u00edder T\u00e9cnico del Programa de Biodiversidad, aplicando su experiencia en mercados de carbono al desarrollo de herramientas innovadoras para la conservaci\u00f3n de la biodiversidad.<\/p><p>Comprometido con las Soluciones Basadas en la Naturaleza, dedica esfuerzos a la capacitaci\u00f3n de comunidades, desarrolladores de proyectos, inversionistas y tomadores de decisiones.\u00a0<\/p><p>Alberto es Bi\u00f3logo por la UNAM y cuenta con estudios de posgrado en Silvicultura Sostenible. Fuera del trabajo, disfruta de las artes, ya sea pintando, tocando el violonchelo o simplemente leyendo un buen libro para compartir con amigos.<\/p>\t\t\t\t\t\t\t\t<\/div>\n\t\t\t\t<\/div>\n\t\t\t\t<\/div>\n\t\t\t\t\t<\/details>\n\t\t\t\t\t<\/div>\n\t\t\t\t\t\t<\/div>\n\t\t\t\t<\/div>\n\t\t\t\t<\/div>\n\t\t\t\t<\/div>\n\t\t<div class=\"elementor-element elementor-element-2e49337 e-con-full e-flex e-con e-child\" data-id=\"2e49337\" data-element_type=\"container\">\n\t\t<div class=\"elementor-element elementor-element-ec43c38 e-con-full e-flex e-con e-child\" data-id=\"ec43c38\" data-element_type=\"container\" data-settings=\"{&quot;background_background&quot;:&quot;classic&quot;}\">\n\t\t\t\t<div class=\"elementor-element elementor-element-3b6310f elementor-position-top elementor-widget elementor-widget-image-box\" data-id=\"3b6310f\" data-element_type=\"widget\" data-widget_type=\"image-box.default\">\n\t\t\t\t<div class=\"elementor-widget-container\">\n\t\t\t\t\t<div class=\"elementor-image-box-wrapper\"><figure class=\"elementor-image-box-img\"><img loading=\"lazy\" decoding=\"async\" width=\"1024\" height=\"1024\" src=\"https:\/\/biocarbonstandard.com\/wp-content\/uploads\/Alejandra-Paredes.webp\" class=\"attachment-full size-full wp-image-18460\" alt=\"\" srcset=\"https:\/\/biocarbonstandard.com\/wp-content\/uploads\/Alejandra-Paredes.webp 1024w, https:\/\/biocarbonstandard.com\/wp-content\/uploads\/Alejandra-Paredes-280x280.webp 280w, https:\/\/biocarbonstandard.com\/wp-content\/uploads\/Alejandra-Paredes-768x768.webp 768w, https:\/\/biocarbonstandard.com\/wp-content\/uploads\/Alejandra-Paredes-12x12.webp 12w\" sizes=\"(max-width: 1024px) 100vw, 1024px\" \/><\/figure><div class=\"elementor-image-box-content\"><h3 class=\"elementor-image-box-title\">Alejandra Paredes<\/h3><p class=\"elementor-image-box-description\">Directora de Asuntos Corporativos<\/p><\/div><\/div>\t\t\t\t<\/div>\n\t\t\t\t<\/div>\n\t\t\t\t<div class=\"elementor-element elementor-element-03103d8 elementor-widget elementor-widget-n-accordion\" data-id=\"03103d8\" data-element_type=\"widget\" data-settings=\"{&quot;default_state&quot;:&quot;all_collapsed&quot;,&quot;max_items_expended&quot;:&quot;one&quot;,&quot;n_accordion_animation_duration&quot;:{&quot;unit&quot;:&quot;ms&quot;,&quot;size&quot;:400,&quot;sizes&quot;:[]}}\" data-widget_type=\"nested-accordion.default\">\n\t\t\t\t<div class=\"elementor-widget-container\">\n\t\t\t\t\t\t\t<div class=\"e-n-accordion\" aria-label=\"Accordion. Open links with Enter or Space, close with Escape, and navigate with Arrow Keys\">\n\t\t\t\t\t\t<details id=\"e-n-accordion-item-3210\" class=\"e-n-accordion-item\" >\n\t\t\t\t<summary class=\"e-n-accordion-item-title\" data-accordion-index=\"1\" tabindex=\"0\" aria-expanded=\"false\" aria-controls=\"e-n-accordion-item-3210\" >\n\t\t\t\t\t<span class='e-n-accordion-item-title-header'><div class=\"e-n-accordion-item-title-text\"> Leer m\u00e1s <\/div><\/span>\n\t\t\t\t\t\t\t<span class='e-n-accordion-item-title-icon'>\n\t\t\t<span class='e-opened' ><svg aria-hidden=\"true\" class=\"e-font-icon-svg e-fas-minus\" viewbox=\"0 0 448 512\" xmlns=\"http:\/\/www.w3.org\/2000\/svg\"><path d=\"M416 208H32c-17.67 0-32 14.33-32 32v32c0 17.67 14.33 32 32 32h384c17.67 0 32-14.33 32-32v-32c0-17.67-14.33-32-32-32z\"><\/path><\/svg><\/span>\n\t\t\t<span class='e-closed'><svg aria-hidden=\"true\" class=\"e-font-icon-svg e-fas-plus\" viewbox=\"0 0 448 512\" xmlns=\"http:\/\/www.w3.org\/2000\/svg\"><path d=\"M416 208H272V64c0-17.67-14.33-32-32-32h-32c-17.67 0-32 14.33-32 32v144H32c-17.67 0-32 14.33-32 32v32c0 17.67 14.33 32 32 32h144v144c0 17.67 14.33 32 32 32h32c17.67 0 32-14.33 32-32V304h144c17.67 0 32-14.33 32-32v-32c0-17.67-14.33-32-32-32z\"><\/path><\/svg><\/span>\n\t\t<\/span>\n\n\t\t\t\t\t\t<\/summary>\n\t\t\t\t<div role=\"region\" aria-labelledby=\"e-n-accordion-item-3210\" class=\"elementor-element elementor-element-0877e08 e-con-full e-flex e-con e-child\" data-id=\"0877e08\" data-element_type=\"container\">\n\t\t\t\t<div class=\"elementor-element elementor-element-e80427d elementor-widget elementor-widget-text-editor\" data-id=\"e80427d\" data-element_type=\"widget\" data-widget_type=\"text-editor.default\">\n\t\t\t\t<div class=\"elementor-widget-container\">\n\t\t\t\t\t\t\t\t\t<p>Alejandra, es Comunicadora Social y Periodista, con posgrados en Gerencia en Gobierno y Gesti\u00f3n P\u00fablica, Desarrollo y Cambio Social y Gesti\u00f3n Sostenible y Stakeholders de la Universidad de los Andes, es una Ejecutiva Senior en Sostenibilidad, Asuntos Corporativos, Fundraising y Desarrollo de Negocios con impacto y resultados tangibles.<\/p><p>Con m\u00e1s de 11 a\u00f1os de experiencia liderando operaciones regionales, nacionales e internacionales, alianzas p\u00fablico-privadas, estrategias ESG, y captaci\u00f3n de fondos (cooperaci\u00f3n internacional, crowdfunding y fundraising) en entornos de alta complejidad. Participa como Advisory Board Member de Cambridge Business Association CBA (2025-2027) es Miembro del C\u00edrculo de Mujeres de Revista Semana y Dinero 02\/2025\/01-2027 y actualmente se desempe\u00f1a dentro de BioCarbon c\u00f3mo Directora de Asuntos Corporativos, apoyando en transversal el \u00e1rea de Comunicaciones.<\/p><p>Actualmente, vive en Colombia y en sus ratos libres le gusta leer, estar con sus hijos y con su familia. Disfruta hacer ejercicio, apoyar y promover, proyectos sociales a trav\u00e9s de fundaciones, conectar con la naturaleza y dar lugar a las experiencias que refuerzan su compromiso con un futuro regenerativo y de impacto real.<\/p>\t\t\t\t\t\t\t\t<\/div>\n\t\t\t\t<\/div>\n\t\t\t\t<\/div>\n\t\t\t\t\t<\/details>\n\t\t\t\t\t<\/div>\n\t\t\t\t\t\t<\/div>\n\t\t\t\t<\/div>\n\t\t\t\t<\/div>\n\t\t\t\t<\/div>\n\t\t<div class=\"elementor-element elementor-element-df23847 e-con-full e-flex e-con e-child\" data-id=\"df23847\" data-element_type=\"container\">\n\t\t<div class=\"elementor-element elementor-element-3663bf3 e-con-full e-flex e-con e-child\" data-id=\"3663bf3\" data-element_type=\"container\" data-settings=\"{&quot;background_background&quot;:&quot;classic&quot;}\">\n\t\t\t\t<div class=\"elementor-element elementor-element-b01ec80 elementor-position-top elementor-widget elementor-widget-image-box\" data-id=\"b01ec80\" data-element_type=\"widget\" data-widget_type=\"image-box.default\">\n\t\t\t\t<div class=\"elementor-widget-container\">\n\t\t\t\t\t<div class=\"elementor-image-box-wrapper\"><figure class=\"elementor-image-box-img\"><img loading=\"lazy\" decoding=\"async\" width=\"1086\" height=\"1086\" src=\"https:\/\/biocarbonstandard.com\/wp-content\/uploads\/Excalibur-Acosta.webp\" class=\"attachment-full size-full wp-image-18456\" alt=\"\" srcset=\"https:\/\/biocarbonstandard.com\/wp-content\/uploads\/Excalibur-Acosta.webp 1086w, https:\/\/biocarbonstandard.com\/wp-content\/uploads\/Excalibur-Acosta-280x280.webp 280w, https:\/\/biocarbonstandard.com\/wp-content\/uploads\/Excalibur-Acosta-768x768.webp 768w, https:\/\/biocarbonstandard.com\/wp-content\/uploads\/Excalibur-Acosta-12x12.webp 12w\" sizes=\"(max-width: 1086px) 100vw, 1086px\" \/><\/figure><div class=\"elementor-image-box-content\"><h3 class=\"elementor-image-box-title\">Excalibur Acosta<\/h3><p class=\"elementor-image-box-description\">Especialista t\u00e9cnico sectorial<\/p><\/div><\/div>\t\t\t\t<\/div>\n\t\t\t\t<\/div>\n\t\t\t\t<div class=\"elementor-element elementor-element-6e3bfbd elementor-shape-circle e-grid-align-left elementor-hidden-desktop elementor-hidden-tablet elementor-hidden-mobile elementor-grid-0 elementor-widget elementor-widget-social-icons\" data-id=\"6e3bfbd\" data-element_type=\"widget\" data-widget_type=\"social-icons.default\">\n\t\t\t\t<div class=\"elementor-widget-container\">\n\t\t\t\t\t\t\t<div class=\"elementor-social-icons-wrapper elementor-grid\">\n\t\t\t\t\t\t\t<span class=\"elementor-grid-item\">\n\t\t\t\t\t<a class=\"elementor-icon elementor-social-icon elementor-social-icon-linkedin elementor-repeater-item-b1df46f\" href=\"https:\/\/www.linkedin.com\/in\/elif-y%C3%BCcelir-3708b21b9\/\" target=\"_blank\" rel=\"noopener\">\n\t\t\t\t\t\t<span class=\"elementor-screen-only\">Linkedin<\/span>\n\t\t\t\t\t\t<svg aria-hidden=\"true\" class=\"e-font-icon-svg e-fab-linkedin\" viewbox=\"0 0 448 512\" xmlns=\"http:\/\/www.w3.org\/2000\/svg\"><path d=\"M416 32H31.9C14.3 32 0 46.5 0 64.3v383.4C0 465.5 14.3 480 31.9 480H416c17.6 0 32-14.5 32-32.3V64.3c0-17.8-14.4-32.3-32-32.3zM135.4 416H69V202.2h66.5V416zm-33.2-243c-21.3 0-38.5-17.3-38.5-38.5S80.9 96 102.2 96c21.2 0 38.5 17.3 38.5 38.5 0 21.3-17.2 38.5-38.5 38.5zm282.1 243h-66.4V312c0-24.8-.5-56.7-34.5-56.7-34.6 0-39.9 27-39.9 54.9V416h-66.4V202.2h63.7v29.2h.9c8.9-16.8 30.6-34.5 62.9-34.5 67.2 0 79.7 44.3 79.7 101.9V416z\"><\/path><\/svg>\t\t\t\t\t<\/a>\n\t\t\t\t<\/span>\n\t\t\t\t\t<\/div>\n\t\t\t\t\t\t<\/div>\n\t\t\t\t<\/div>\n\t\t\t\t<div class=\"elementor-element elementor-element-e9bfb36 elementor-widget elementor-widget-n-accordion\" data-id=\"e9bfb36\" data-element_type=\"widget\" data-settings=\"{&quot;default_state&quot;:&quot;all_collapsed&quot;,&quot;max_items_expended&quot;:&quot;one&quot;,&quot;n_accordion_animation_duration&quot;:{&quot;unit&quot;:&quot;ms&quot;,&quot;size&quot;:400,&quot;sizes&quot;:[]}}\" data-widget_type=\"nested-accordion.default\">\n\t\t\t\t<div class=\"elementor-widget-container\">\n\t\t\t\t\t\t\t<div class=\"e-n-accordion\" aria-label=\"Accordion. Open links with Enter or Space, close with Escape, and navigate with Arrow Keys\">\n\t\t\t\t\t\t<details id=\"e-n-accordion-item-2450\" class=\"e-n-accordion-item\" >\n\t\t\t\t<summary class=\"e-n-accordion-item-title\" data-accordion-index=\"1\" tabindex=\"0\" aria-expanded=\"false\" aria-controls=\"e-n-accordion-item-2450\" >\n\t\t\t\t\t<span class='e-n-accordion-item-title-header'><div class=\"e-n-accordion-item-title-text\"> Leer m\u00e1s <\/div><\/span>\n\t\t\t\t\t\t\t<span class='e-n-accordion-item-title-icon'>\n\t\t\t<span class='e-opened' ><svg aria-hidden=\"true\" class=\"e-font-icon-svg e-fas-minus\" viewbox=\"0 0 448 512\" xmlns=\"http:\/\/www.w3.org\/2000\/svg\"><path d=\"M416 208H32c-17.67 0-32 14.33-32 32v32c0 17.67 14.33 32 32 32h384c17.67 0 32-14.33 32-32v-32c0-17.67-14.33-32-32-32z\"><\/path><\/svg><\/span>\n\t\t\t<span class='e-closed'><svg aria-hidden=\"true\" class=\"e-font-icon-svg e-fas-plus\" viewbox=\"0 0 448 512\" xmlns=\"http:\/\/www.w3.org\/2000\/svg\"><path d=\"M416 208H272V64c0-17.67-14.33-32-32-32h-32c-17.67 0-32 14.33-32 32v144H32c-17.67 0-32 14.33-32 32v32c0 17.67 14.33 32 32 32h144v144c0 17.67 14.33 32 32 32h32c17.67 0 32-14.33 32-32V304h144c17.67 0 32-14.33 32-32v-32c0-17.67-14.33-32-32-32z\"><\/path><\/svg><\/span>\n\t\t<\/span>\n\n\t\t\t\t\t\t<\/summary>\n\t\t\t\t<div role=\"region\" aria-labelledby=\"e-n-accordion-item-2450\" class=\"elementor-element elementor-element-6481e85 e-con-full e-flex e-con e-child\" data-id=\"6481e85\" data-element_type=\"container\">\n\t\t\t\t<div class=\"elementor-element elementor-element-b302a08 elementor-widget elementor-widget-text-editor\" data-id=\"b302a08\" data-element_type=\"widget\" data-widget_type=\"text-editor.default\">\n\t\t\t\t<div class=\"elementor-widget-container\">\n\t\t\t\t\t\t\t\t\t<p>Excalibur es ingeniero ambiental del Instituto Polit\u00e9cnico Nacional en M\u00e9xico. Se ha desarrollado profesionalmente asesorando a empresas en la gesti\u00f3n ambiental. Posteriormente, comenz\u00f3 a contribuir a la mitigaci\u00f3n del cambio clim\u00e1tico mediante la verificaci\u00f3n de inventarios de gases de efecto invernadero en diversos sectores, incluyendo industria, energ\u00eda, transporte, agricultura y actividades comerciales en M\u00e9xico.<\/p><p>Adicionalmente, ha llevado a cabo la validaci\u00f3n y verificaci\u00f3n de proyectos de mitigaci\u00f3n del cambio clim\u00e1tico en el marco de programas en Colombia, abarcando sectores como los de residuos, energ\u00eda y forestal.<\/p><p>Actualmente, se desempe\u00f1a como experto t\u00e9cnico en sistemas de gesti\u00f3n para la Entidad Mexicana de Acreditaci\u00f3n.<\/p><p>Finalmente, est\u00e1 interesado en aprender y aplicar pr\u00e1cticas de sostenibilidad, enfoques de econom\u00eda circular y procesos de mitigaci\u00f3n del cambio clim\u00e1tico.<\/p><p>Disfruta escuchar m\u00fasica mientras anda en bicicleta y caminar en la naturaleza.<\/p>\t\t\t\t\t\t\t\t<\/div>\n\t\t\t\t<\/div>\n\t\t\t\t<\/div>\n\t\t\t\t\t<\/details>\n\t\t\t\t\t<\/div>\n\t\t\t\t\t\t<\/div>\n\t\t\t\t<\/div>\n\t\t\t\t<\/div>\n\t\t\t\t<\/div>\n\t\t<div class=\"elementor-element elementor-element-a261981 e-con-full e-flex e-con e-child\" data-id=\"a261981\" data-element_type=\"container\">\n\t\t<div class=\"elementor-element elementor-element-427d0a4 e-con-full e-flex e-con e-child\" data-id=\"427d0a4\" data-element_type=\"container\" data-settings=\"{&quot;background_background&quot;:&quot;classic&quot;}\">\n\t\t\t\t<div class=\"elementor-element elementor-element-a2975e0 elementor-position-top elementor-widget elementor-widget-image-box\" data-id=\"a2975e0\" data-element_type=\"widget\" data-widget_type=\"image-box.default\">\n\t\t\t\t<div class=\"elementor-widget-container\">\n\t\t\t\t\t<div class=\"elementor-image-box-wrapper\"><figure class=\"elementor-image-box-img\"><img loading=\"lazy\" decoding=\"async\" width=\"512\" height=\"512\" src=\"https:\/\/biocarbonstandard.com\/wp-content\/uploads\/02-copy-4.webp\" class=\"attachment-full size-full wp-image-17215\" alt=\"\" srcset=\"https:\/\/biocarbonstandard.com\/wp-content\/uploads\/02-copy-4.webp 512w, https:\/\/biocarbonstandard.com\/wp-content\/uploads\/02-copy-4-280x280.webp 280w, https:\/\/biocarbonstandard.com\/wp-content\/uploads\/02-copy-4-12x12.webp 12w\" sizes=\"(max-width: 512px) 100vw, 512px\" \/><\/figure><div class=\"elementor-image-box-content\"><h3 class=\"elementor-image-box-title\">Federico Pi\u00f1eros<\/h3><\/div><\/div>\t\t\t\t<\/div>\n\t\t\t\t<\/div>\n\t\t\t\t<div class=\"elementor-element elementor-element-0c71045 elementor-shape-circle e-grid-align-left elementor-hidden-desktop elementor-hidden-tablet elementor-hidden-mobile elementor-grid-0 elementor-widget elementor-widget-social-icons\" data-id=\"0c71045\" data-element_type=\"widget\" data-widget_type=\"social-icons.default\">\n\t\t\t\t<div class=\"elementor-widget-container\">\n\t\t\t\t\t\t\t<div class=\"elementor-social-icons-wrapper elementor-grid\">\n\t\t\t\t\t\t\t<span class=\"elementor-grid-item\">\n\t\t\t\t\t<a class=\"elementor-icon elementor-social-icon elementor-social-icon-linkedin elementor-repeater-item-b1df46f\" href=\"https:\/\/www.linkedin.com\/in\/elif-y%C3%BCcelir-3708b21b9\/\" target=\"_blank\" rel=\"noopener\">\n\t\t\t\t\t\t<span class=\"elementor-screen-only\">Linkedin<\/span>\n\t\t\t\t\t\t<svg aria-hidden=\"true\" class=\"e-font-icon-svg e-fab-linkedin\" viewbox=\"0 0 448 512\" xmlns=\"http:\/\/www.w3.org\/2000\/svg\"><path d=\"M416 32H31.9C14.3 32 0 46.5 0 64.3v383.4C0 465.5 14.3 480 31.9 480H416c17.6 0 32-14.5 32-32.3V64.3c0-17.8-14.4-32.3-32-32.3zM135.4 416H69V202.2h66.5V416zm-33.2-243c-21.3 0-38.5-17.3-38.5-38.5S80.9 96 102.2 96c21.2 0 38.5 17.3 38.5 38.5 0 21.3-17.2 38.5-38.5 38.5zm282.1 243h-66.4V312c0-24.8-.5-56.7-34.5-56.7-34.6 0-39.9 27-39.9 54.9V416h-66.4V202.2h63.7v29.2h.9c8.9-16.8 30.6-34.5 62.9-34.5 67.2 0 79.7 44.3 79.7 101.9V416z\"><\/path><\/svg>\t\t\t\t\t<\/a>\n\t\t\t\t<\/span>\n\t\t\t\t\t<\/div>\n\t\t\t\t\t\t<\/div>\n\t\t\t\t<\/div>\n\t\t\t\t<div class=\"elementor-element elementor-element-2177479 elementor-widget elementor-widget-n-accordion\" data-id=\"2177479\" data-element_type=\"widget\" data-settings=\"{&quot;default_state&quot;:&quot;all_collapsed&quot;,&quot;max_items_expended&quot;:&quot;one&quot;,&quot;n_accordion_animation_duration&quot;:{&quot;unit&quot;:&quot;ms&quot;,&quot;size&quot;:400,&quot;sizes&quot;:[]}}\" data-widget_type=\"nested-accordion.default\">\n\t\t\t\t<div class=\"elementor-widget-container\">\n\t\t\t\t\t\t\t<div class=\"e-n-accordion\" aria-label=\"Accordion. Open links with Enter or Space, close with Escape, and navigate with Arrow Keys\">\n\t\t\t\t\t\t<details id=\"e-n-accordion-item-3500\" class=\"e-n-accordion-item\" >\n\t\t\t\t<summary class=\"e-n-accordion-item-title\" data-accordion-index=\"1\" tabindex=\"0\" aria-expanded=\"false\" aria-controls=\"e-n-accordion-item-3500\" >\n\t\t\t\t\t<span class='e-n-accordion-item-title-header'><div class=\"e-n-accordion-item-title-text\"> Leer m\u00e1s <\/div><\/span>\n\t\t\t\t\t\t\t<span class='e-n-accordion-item-title-icon'>\n\t\t\t<span class='e-opened' ><svg aria-hidden=\"true\" class=\"e-font-icon-svg e-fas-minus\" viewbox=\"0 0 448 512\" xmlns=\"http:\/\/www.w3.org\/2000\/svg\"><path d=\"M416 208H32c-17.67 0-32 14.33-32 32v32c0 17.67 14.33 32 32 32h384c17.67 0 32-14.33 32-32v-32c0-17.67-14.33-32-32-32z\"><\/path><\/svg><\/span>\n\t\t\t<span class='e-closed'><svg aria-hidden=\"true\" class=\"e-font-icon-svg e-fas-plus\" viewbox=\"0 0 448 512\" xmlns=\"http:\/\/www.w3.org\/2000\/svg\"><path d=\"M416 208H272V64c0-17.67-14.33-32-32-32h-32c-17.67 0-32 14.33-32 32v144H32c-17.67 0-32 14.33-32 32v32c0 17.67 14.33 32 32 32h144v144c0 17.67 14.33 32 32 32h32c17.67 0 32-14.33 32-32V304h144c17.67 0 32-14.33 32-32v-32c0-17.67-14.33-32-32-32z\"><\/path><\/svg><\/span>\n\t\t<\/span>\n\n\t\t\t\t\t\t<\/summary>\n\t\t\t\t<div role=\"region\" aria-labelledby=\"e-n-accordion-item-3500\" class=\"elementor-element elementor-element-f494731 e-con-full e-flex e-con e-child\" data-id=\"f494731\" data-element_type=\"container\">\n\t\t\t\t<div class=\"elementor-element elementor-element-7815fcc elementor-widget elementor-widget-text-editor\" data-id=\"7815fcc\" data-element_type=\"widget\" data-widget_type=\"text-editor.default\">\n\t\t\t\t<div class=\"elementor-widget-container\">\n\t\t\t\t\t\t\t\t\t<p>Federico es antrop\u00f3logo con un MBA en Gesti\u00f3n de Proyectos. Tiene amplia experiencia liderando estrategias de relacionamiento territorial y gesti\u00f3n de riesgos en entornos operativos complejos, incluyendo los sectores energ\u00e9tico-minero, infraestructura, iniciativas gubernamentales e industrias culturales.<\/p><p>Federico tiene experiencia liderando estrategias de relacionamiento territorial y gestionando riesgos en ambientes operativos en los sectores energ\u00e9tico-minero, infraestructura, gobierno e industrias culturales. Es especialista en el desarrollo de metodolog\u00edas innovadoras para diagn\u00f3sticos, dise\u00f1o participativo y planificaci\u00f3n territorial desde una perspectiva multiactor, incluyendo trabajo con comunidades \u00e9tnicas y rurales en contextos altamente complejos. Cuenta con amplio conocimiento de est\u00e1ndares internacionales y mejores pr\u00e1cticas en sostenibilidad y ESG, procesos de reasentamiento, evaluaci\u00f3n de riesgos, construcci\u00f3n de paz y debida diligencia en derechos humanos.<\/p><p>Federico asesora a comunidades, instituciones p\u00fablicas y empresas en el dise\u00f1o y construcci\u00f3n de puentes transculturales orientados a generar bienestar social, riqueza y prosperidad compartida. Las iniciativas y estrategias que desarrolla se fundamentan en el reconocimiento de la diversidad y complejidad de las din\u00e1micas sociales, culturales, ambientales y pol\u00edticas, as\u00ed como de las diversas perspectivas, necesidades, motivaciones e intereses que coexisten y definen la particularidad de cada universo social.<\/p><p>A lo largo de su carrera, Federico ha asesorado y apoyado eficazmente a empresas, comunidades rurales ind\u00edgenas y afrodescendientes, entidades p\u00fablicas y agencias multilaterales en la creaci\u00f3n e implementaci\u00f3n de soluciones de impacto colectivo. Estas soluciones permiten alinear estrat\u00e9gicamente los esfuerzos de la sociedad civil, el sector privado y el Estado hacia objetivos compartidos.<\/p>\t\t\t\t\t\t\t\t<\/div>\n\t\t\t\t<\/div>\n\t\t\t\t<\/div>\n\t\t\t\t\t<\/details>\n\t\t\t\t\t<\/div>\n\t\t\t\t\t\t<\/div>\n\t\t\t\t<\/div>\n\t\t\t\t<\/div>\n\t\t\t\t<\/div>\n\t\t<div class=\"elementor-element elementor-element-88041c4 e-con-full e-flex e-con e-child\" data-id=\"88041c4\" data-element_type=\"container\">\n\t\t<div class=\"elementor-element elementor-element-4ed23b7 e-con-full e-flex e-con e-child\" data-id=\"4ed23b7\" data-element_type=\"container\" data-settings=\"{&quot;background_background&quot;:&quot;classic&quot;}\">\n\t\t\t\t<div class=\"elementor-element elementor-element-4eab264 elementor-position-top elementor-widget elementor-widget-image-box\" data-id=\"4eab264\" data-element_type=\"widget\" data-widget_type=\"image-box.default\">\n\t\t\t\t<div class=\"elementor-widget-container\">\n\t\t\t\t\t<div class=\"elementor-image-box-wrapper\"><figure class=\"elementor-image-box-img\"><img loading=\"lazy\" decoding=\"async\" width=\"1873\" height=\"1871\" src=\"https:\/\/biocarbonstandard.com\/wp-content\/uploads\/Gabriela_P.webp\" class=\"attachment-full size-full wp-image-18063\" alt=\"\" srcset=\"https:\/\/biocarbonstandard.com\/wp-content\/uploads\/Gabriela_P.webp 1873w, https:\/\/biocarbonstandard.com\/wp-content\/uploads\/Gabriela_P-280x280.webp 280w, https:\/\/biocarbonstandard.com\/wp-content\/uploads\/Gabriela_P-768x767.webp 768w, https:\/\/biocarbonstandard.com\/wp-content\/uploads\/Gabriela_P-1536x1534.webp 1536w, https:\/\/biocarbonstandard.com\/wp-content\/uploads\/Gabriela_P-12x12.webp 12w\" sizes=\"(max-width: 1873px) 100vw, 1873px\" \/><\/figure><div class=\"elementor-image-box-content\"><h3 class=\"elementor-image-box-title\">Gabriela Posada<\/h3><p class=\"elementor-image-box-description\">L\u00edder de Sostenibilidad<\/p><\/div><\/div>\t\t\t\t<\/div>\n\t\t\t\t<\/div>\n\t\t\t\t<div class=\"elementor-element elementor-element-c6ef804 elementor-shape-circle e-grid-align-left elementor-hidden-desktop elementor-hidden-tablet elementor-hidden-mobile elementor-grid-0 elementor-widget elementor-widget-social-icons\" data-id=\"c6ef804\" data-element_type=\"widget\" data-widget_type=\"social-icons.default\">\n\t\t\t\t<div class=\"elementor-widget-container\">\n\t\t\t\t\t\t\t<div class=\"elementor-social-icons-wrapper elementor-grid\">\n\t\t\t\t\t\t\t<span class=\"elementor-grid-item\">\n\t\t\t\t\t<a class=\"elementor-icon elementor-social-icon elementor-social-icon-linkedin elementor-repeater-item-b1df46f\" href=\"https:\/\/www.linkedin.com\/in\/gabriela-posada-b61934118\/\" target=\"_blank\" rel=\"noopener\">\n\t\t\t\t\t\t<span class=\"elementor-screen-only\">Linkedin<\/span>\n\t\t\t\t\t\t<svg aria-hidden=\"true\" class=\"e-font-icon-svg e-fab-linkedin\" viewbox=\"0 0 448 512\" xmlns=\"http:\/\/www.w3.org\/2000\/svg\"><path d=\"M416 32H31.9C14.3 32 0 46.5 0 64.3v383.4C0 465.5 14.3 480 31.9 480H416c17.6 0 32-14.5 32-32.3V64.3c0-17.8-14.4-32.3-32-32.3zM135.4 416H69V202.2h66.5V416zm-33.2-243c-21.3 0-38.5-17.3-38.5-38.5S80.9 96 102.2 96c21.2 0 38.5 17.3 38.5 38.5 0 21.3-17.2 38.5-38.5 38.5zm282.1 243h-66.4V312c0-24.8-.5-56.7-34.5-56.7-34.6 0-39.9 27-39.9 54.9V416h-66.4V202.2h63.7v29.2h.9c8.9-16.8 30.6-34.5 62.9-34.5 67.2 0 79.7 44.3 79.7 101.9V416z\"><\/path><\/svg>\t\t\t\t\t<\/a>\n\t\t\t\t<\/span>\n\t\t\t\t\t<\/div>\n\t\t\t\t\t\t<\/div>\n\t\t\t\t<\/div>\n\t\t\t\t<div class=\"elementor-element elementor-element-8fea8f1 elementor-widget elementor-widget-n-accordion\" data-id=\"8fea8f1\" data-element_type=\"widget\" data-settings=\"{&quot;default_state&quot;:&quot;all_collapsed&quot;,&quot;max_items_expended&quot;:&quot;one&quot;,&quot;n_accordion_animation_duration&quot;:{&quot;unit&quot;:&quot;ms&quot;,&quot;size&quot;:400,&quot;sizes&quot;:[]}}\" data-widget_type=\"nested-accordion.default\">\n\t\t\t\t<div class=\"elementor-widget-container\">\n\t\t\t\t\t\t\t<div class=\"e-n-accordion\" aria-label=\"Accordion. Open links with Enter or Space, close with Escape, and navigate with Arrow Keys\">\n\t\t\t\t\t\t<details id=\"e-n-accordion-item-1500\" class=\"e-n-accordion-item\" >\n\t\t\t\t<summary class=\"e-n-accordion-item-title\" data-accordion-index=\"1\" tabindex=\"0\" aria-expanded=\"false\" aria-controls=\"e-n-accordion-item-1500\" >\n\t\t\t\t\t<span class='e-n-accordion-item-title-header'><div class=\"e-n-accordion-item-title-text\"> Leer m\u00e1s <\/div><\/span>\n\t\t\t\t\t\t\t<span class='e-n-accordion-item-title-icon'>\n\t\t\t<span class='e-opened' ><svg aria-hidden=\"true\" class=\"e-font-icon-svg e-fas-minus\" viewbox=\"0 0 448 512\" xmlns=\"http:\/\/www.w3.org\/2000\/svg\"><path d=\"M416 208H32c-17.67 0-32 14.33-32 32v32c0 17.67 14.33 32 32 32h384c17.67 0 32-14.33 32-32v-32c0-17.67-14.33-32-32-32z\"><\/path><\/svg><\/span>\n\t\t\t<span class='e-closed'><svg aria-hidden=\"true\" class=\"e-font-icon-svg e-fas-plus\" viewbox=\"0 0 448 512\" xmlns=\"http:\/\/www.w3.org\/2000\/svg\"><path d=\"M416 208H272V64c0-17.67-14.33-32-32-32h-32c-17.67 0-32 14.33-32 32v144H32c-17.67 0-32 14.33-32 32v32c0 17.67 14.33 32 32 32h144v144c0 17.67 14.33 32 32 32h32c17.67 0 32-14.33 32-32V304h144c17.67 0 32-14.33 32-32v-32c0-17.67-14.33-32-32-32z\"><\/path><\/svg><\/span>\n\t\t<\/span>\n\n\t\t\t\t\t\t<\/summary>\n\t\t\t\t<div role=\"region\" aria-labelledby=\"e-n-accordion-item-1500\" class=\"elementor-element elementor-element-c5f56e0 e-con-full e-flex e-con e-child\" data-id=\"c5f56e0\" data-element_type=\"container\">\n\t\t\t\t<div class=\"elementor-element elementor-element-4fdd560 elementor-widget elementor-widget-text-editor\" data-id=\"4fdd560\" data-element_type=\"widget\" data-widget_type=\"text-editor.default\">\n\t\t\t\t<div class=\"elementor-widget-container\">\n\t\t\t\t\t\t\t\t\t<p>El camino de sostenibilidad de Gabriela comenz\u00f3 con su adopci\u00f3n al consumo local y al movimiento de desperdicio cero. Se distingue por su incansable b\u00fasqueda de conocimiento, sumergi\u00e9ndose en un aprendizaje autodirigido a trav\u00e9s de libros, talleres y mentor\u00edas, respaldada por un t\u00edtulo en Administraci\u00f3n y un \u00abCertificado en Alimentaci\u00f3n y Sostenibilidad\u00bb.<\/p><p>Est\u00e1 comprometida en catalizar un cambio positivo en BioCarbon, influyendo en las operaciones desde la cultura hasta los procedimientos con conocimientos de su estilo de vida sostenible.<\/p><p>Gabriela desempe\u00f1a un papel central en la formulaci\u00f3n e implementaci\u00f3n de estrategias de sostenibilidad que se alinean con la misi\u00f3n de la empresa, supervisando iniciativas medioambientales y promoviendo la sostenibilidad social. Tambi\u00e9n aboga por la sostenibilidad dentro de la empresa y establece asociaciones con organizaciones e iniciativas afines.<\/p><p>Gabriela reside en Viseu, Portugal y en su tiempo libre le gusta practicar yoga, jardiner\u00eda, hacer cer\u00e1mica y disfrutar de buena comida con amigos.<\/p>\t\t\t\t\t\t\t\t<\/div>\n\t\t\t\t<\/div>\n\t\t\t\t<\/div>\n\t\t\t\t\t<\/details>\n\t\t\t\t\t<\/div>\n\t\t\t\t\t\t<\/div>\n\t\t\t\t<\/div>\n\t\t\t\t<\/div>\n\t\t\t\t<\/div>\n\t\t\t\t<\/div>\n\t\t<div class=\"elementor-element elementor-element-64e3fc7 e-con-full e-flex e-con e-child\" data-id=\"64e3fc7\" data-element_type=\"container\">\n\t\t<div class=\"elementor-element elementor-element-87e2fdb e-con-full e-flex e-con e-child\" data-id=\"87e2fdb\" data-element_type=\"container\">\n\t\t<div class=\"elementor-element elementor-element-1de936a e-con-full e-flex e-con e-child\" data-id=\"1de936a\" data-element_type=\"container\" data-settings=\"{&quot;background_background&quot;:&quot;classic&quot;}\">\n\t\t\t\t<div class=\"elementor-element elementor-element-363b01e elementor-position-top elementor-widget elementor-widget-image-box\" data-id=\"363b01e\" data-element_type=\"widget\" data-widget_type=\"image-box.default\">\n\t\t\t\t<div class=\"elementor-widget-container\">\n\t\t\t\t\t<div class=\"elementor-image-box-wrapper\"><figure class=\"elementor-image-box-img\"><img loading=\"lazy\" decoding=\"async\" width=\"1086\" height=\"1086\" src=\"https:\/\/biocarbonstandard.com\/wp-content\/uploads\/Helena_H.webp\" class=\"attachment-full size-full wp-image-18498\" alt=\"\" srcset=\"https:\/\/biocarbonstandard.com\/wp-content\/uploads\/Helena_H.webp 1086w, https:\/\/biocarbonstandard.com\/wp-content\/uploads\/Helena_H-280x280.webp 280w, https:\/\/biocarbonstandard.com\/wp-content\/uploads\/Helena_H-768x768.webp 768w, https:\/\/biocarbonstandard.com\/wp-content\/uploads\/Helena_H-12x12.webp 12w\" sizes=\"(max-width: 1086px) 100vw, 1086px\" \/><\/figure><div class=\"elementor-image-box-content\"><h3 class=\"elementor-image-box-title\">Helena Herrera<\/h3><p class=\"elementor-image-box-description\">Asistente T\u00e9cnico Junior<\/p><\/div><\/div>\t\t\t\t<\/div>\n\t\t\t\t<\/div>\n\t\t\t\t<div class=\"elementor-element elementor-element-ee5e100 elementor-shape-circle e-grid-align-left elementor-hidden-desktop elementor-hidden-tablet elementor-hidden-mobile elementor-grid-0 elementor-widget elementor-widget-social-icons\" data-id=\"ee5e100\" data-element_type=\"widget\" data-widget_type=\"social-icons.default\">\n\t\t\t\t<div class=\"elementor-widget-container\">\n\t\t\t\t\t\t\t<div class=\"elementor-social-icons-wrapper elementor-grid\">\n\t\t\t\t\t\t\t<span class=\"elementor-grid-item\">\n\t\t\t\t\t<a class=\"elementor-icon elementor-social-icon elementor-social-icon-linkedin elementor-repeater-item-b1df46f\" href=\"https:\/\/www.linkedin.com\/in\/gabriela-posada-b61934118\/\" target=\"_blank\" rel=\"noopener\">\n\t\t\t\t\t\t<span class=\"elementor-screen-only\">Linkedin<\/span>\n\t\t\t\t\t\t<svg aria-hidden=\"true\" class=\"e-font-icon-svg e-fab-linkedin\" viewbox=\"0 0 448 512\" xmlns=\"http:\/\/www.w3.org\/2000\/svg\"><path d=\"M416 32H31.9C14.3 32 0 46.5 0 64.3v383.4C0 465.5 14.3 480 31.9 480H416c17.6 0 32-14.5 32-32.3V64.3c0-17.8-14.4-32.3-32-32.3zM135.4 416H69V202.2h66.5V416zm-33.2-243c-21.3 0-38.5-17.3-38.5-38.5S80.9 96 102.2 96c21.2 0 38.5 17.3 38.5 38.5 0 21.3-17.2 38.5-38.5 38.5zm282.1 243h-66.4V312c0-24.8-.5-56.7-34.5-56.7-34.6 0-39.9 27-39.9 54.9V416h-66.4V202.2h63.7v29.2h.9c8.9-16.8 30.6-34.5 62.9-34.5 67.2 0 79.7 44.3 79.7 101.9V416z\"><\/path><\/svg>\t\t\t\t\t<\/a>\n\t\t\t\t<\/span>\n\t\t\t\t\t<\/div>\n\t\t\t\t\t\t<\/div>\n\t\t\t\t<\/div>\n\t\t\t\t<div class=\"elementor-element elementor-element-190bdb3 elementor-widget elementor-widget-n-accordion\" data-id=\"190bdb3\" data-element_type=\"widget\" data-settings=\"{&quot;default_state&quot;:&quot;all_collapsed&quot;,&quot;max_items_expended&quot;:&quot;one&quot;,&quot;n_accordion_animation_duration&quot;:{&quot;unit&quot;:&quot;ms&quot;,&quot;size&quot;:400,&quot;sizes&quot;:[]}}\" data-widget_type=\"nested-accordion.default\">\n\t\t\t\t<div class=\"elementor-widget-container\">\n\t\t\t\t\t\t\t<div class=\"e-n-accordion\" aria-label=\"Accordion. Open links with Enter or Space, close with Escape, and navigate with Arrow Keys\">\n\t\t\t\t\t\t<details id=\"e-n-accordion-item-2620\" class=\"e-n-accordion-item\" >\n\t\t\t\t<summary class=\"e-n-accordion-item-title\" data-accordion-index=\"1\" tabindex=\"0\" aria-expanded=\"false\" aria-controls=\"e-n-accordion-item-2620\" >\n\t\t\t\t\t<span class='e-n-accordion-item-title-header'><div class=\"e-n-accordion-item-title-text\"> Leer m\u00e1s <\/div><\/span>\n\t\t\t\t\t\t\t<span class='e-n-accordion-item-title-icon'>\n\t\t\t<span class='e-opened' ><svg aria-hidden=\"true\" class=\"e-font-icon-svg e-fas-minus\" viewbox=\"0 0 448 512\" xmlns=\"http:\/\/www.w3.org\/2000\/svg\"><path d=\"M416 208H32c-17.67 0-32 14.33-32 32v32c0 17.67 14.33 32 32 32h384c17.67 0 32-14.33 32-32v-32c0-17.67-14.33-32-32-32z\"><\/path><\/svg><\/span>\n\t\t\t<span class='e-closed'><svg aria-hidden=\"true\" class=\"e-font-icon-svg e-fas-plus\" viewbox=\"0 0 448 512\" xmlns=\"http:\/\/www.w3.org\/2000\/svg\"><path d=\"M416 208H272V64c0-17.67-14.33-32-32-32h-32c-17.67 0-32 14.33-32 32v144H32c-17.67 0-32 14.33-32 32v32c0 17.67 14.33 32 32 32h144v144c0 17.67 14.33 32 32 32h32c17.67 0 32-14.33 32-32V304h144c17.67 0 32-14.33 32-32v-32c0-17.67-14.33-32-32-32z\"><\/path><\/svg><\/span>\n\t\t<\/span>\n\n\t\t\t\t\t\t<\/summary>\n\t\t\t\t<div role=\"region\" aria-labelledby=\"e-n-accordion-item-2620\" class=\"elementor-element elementor-element-a698bf0 e-con-full e-flex e-con e-child\" data-id=\"a698bf0\" data-element_type=\"container\">\n\t\t\t\t<div class=\"elementor-element elementor-element-8a3aa63 elementor-widget elementor-widget-text-editor\" data-id=\"8a3aa63\" data-element_type=\"widget\" data-widget_type=\"text-editor.default\">\n\t\t\t\t<div class=\"elementor-widget-container\">\n\t\t\t\t\t\t\t\t\t<p>Helena es Ingeniera ambiental e Ingeniera civil de la Universidad de los Andes con experiencia en consultor\u00eda en sostenibilidad y descarbonizaci\u00f3n. Motivada por el desarrollo de soluciones t\u00e9cnicas con impacto ambiental y social positivo. Busca orientar su trayectoria profesional hacia proyectos que impulsen sistemas m\u00e1s equitativos y bajos en carbono, alineados con una visi\u00f3n de sostenibilidad.<\/p><p>En su rol como Junior Technical Assistant, Helena aplica su formaci\u00f3n interdisciplinaria para apoyar en el desarrollo del est\u00e1ndar. Su experiencia incluye la evaluaci\u00f3n de viabilidad econ\u00f3mica de cr\u00e9ditos de carbono, an\u00e1lisis de materialidad y riesgos clim\u00e1ticos, investigaci\u00f3n de marcos regulatorios ESG y estudios de an\u00e1lisis de ciclo de vida (LCA).<\/p><p>Radicada en Bogot\u00e1, Colombia, Helena combina su perfil t\u00e9cnico con intereses personales en la lectura, el cine y el ecoturismo.<\/p>\t\t\t\t\t\t\t\t<\/div>\n\t\t\t\t<\/div>\n\t\t\t\t<\/div>\n\t\t\t\t\t<\/details>\n\t\t\t\t\t<\/div>\n\t\t\t\t\t\t<\/div>\n\t\t\t\t<\/div>\n\t\t\t\t<\/div>\n\t\t\t\t<\/div>\n\t\t<div class=\"elementor-element elementor-element-26d47a8 e-con-full e-flex e-con e-child\" data-id=\"26d47a8\" data-element_type=\"container\">\n\t\t<div class=\"elementor-element elementor-element-37a8c94 e-con-full e-flex e-con e-child\" data-id=\"37a8c94\" data-element_type=\"container\" data-settings=\"{&quot;background_background&quot;:&quot;classic&quot;}\">\n\t\t\t\t<div class=\"elementor-element elementor-element-bc2625a elementor-position-top elementor-widget elementor-widget-image-box\" data-id=\"bc2625a\" data-element_type=\"widget\" data-widget_type=\"image-box.default\">\n\t\t\t\t<div class=\"elementor-widget-container\">\n\t\t\t\t\t<div class=\"elementor-image-box-wrapper\"><figure class=\"elementor-image-box-img\"><img loading=\"lazy\" decoding=\"async\" width=\"2560\" height=\"2560\" src=\"https:\/\/biocarbonstandard.com\/wp-content\/uploads\/Javier-Santoyo-scaled.webp\" class=\"attachment-full size-full wp-image-18520\" alt=\"\" srcset=\"https:\/\/biocarbonstandard.com\/wp-content\/uploads\/Javier-Santoyo-scaled.webp 2560w, https:\/\/biocarbonstandard.com\/wp-content\/uploads\/Javier-Santoyo-280x280.webp 280w, https:\/\/biocarbonstandard.com\/wp-content\/uploads\/Javier-Santoyo-768x768.webp 768w, https:\/\/biocarbonstandard.com\/wp-content\/uploads\/Javier-Santoyo-1536x1536.webp 1536w, https:\/\/biocarbonstandard.com\/wp-content\/uploads\/Javier-Santoyo-2048x2048.webp 2048w, https:\/\/biocarbonstandard.com\/wp-content\/uploads\/Javier-Santoyo-12x12.webp 12w\" sizes=\"(max-width: 2560px) 100vw, 2560px\" \/><\/figure><div class=\"elementor-image-box-content\"><h3 class=\"elementor-image-box-title\">Javier Santoyo<\/h3><p class=\"elementor-image-box-description\">L\u00edder de Asuntos Estrat\u00e9gicos y Expansi\u00f3n<\/p><\/div><\/div>\t\t\t\t<\/div>\n\t\t\t\t<\/div>\n\t\t\t\t<div class=\"elementor-element elementor-element-866585f elementor-shape-circle e-grid-align-left elementor-hidden-desktop elementor-hidden-tablet elementor-hidden-mobile elementor-grid-0 elementor-widget elementor-widget-social-icons\" data-id=\"866585f\" data-element_type=\"widget\" data-widget_type=\"social-icons.default\">\n\t\t\t\t<div class=\"elementor-widget-container\">\n\t\t\t\t\t\t\t<div class=\"elementor-social-icons-wrapper elementor-grid\">\n\t\t\t\t\t\t\t<span class=\"elementor-grid-item\">\n\t\t\t\t\t<a class=\"elementor-icon elementor-social-icon elementor-social-icon-linkedin elementor-repeater-item-b1df46f\" href=\"https:\/\/www.linkedin.com\/in\/paloma-sarria-0858a719\/\" target=\"_blank\" rel=\"noopener\">\n\t\t\t\t\t\t<span class=\"elementor-screen-only\">Linkedin<\/span>\n\t\t\t\t\t\t<svg aria-hidden=\"true\" class=\"e-font-icon-svg e-fab-linkedin\" viewbox=\"0 0 448 512\" xmlns=\"http:\/\/www.w3.org\/2000\/svg\"><path d=\"M416 32H31.9C14.3 32 0 46.5 0 64.3v383.4C0 465.5 14.3 480 31.9 480H416c17.6 0 32-14.5 32-32.3V64.3c0-17.8-14.4-32.3-32-32.3zM135.4 416H69V202.2h66.5V416zm-33.2-243c-21.3 0-38.5-17.3-38.5-38.5S80.9 96 102.2 96c21.2 0 38.5 17.3 38.5 38.5 0 21.3-17.2 38.5-38.5 38.5zm282.1 243h-66.4V312c0-24.8-.5-56.7-34.5-56.7-34.6 0-39.9 27-39.9 54.9V416h-66.4V202.2h63.7v29.2h.9c8.9-16.8 30.6-34.5 62.9-34.5 67.2 0 79.7 44.3 79.7 101.9V416z\"><\/path><\/svg>\t\t\t\t\t<\/a>\n\t\t\t\t<\/span>\n\t\t\t\t\t<\/div>\n\t\t\t\t\t\t<\/div>\n\t\t\t\t<\/div>\n\t\t\t\t<div class=\"elementor-element elementor-element-03139d7 elementor-widget elementor-widget-n-accordion\" data-id=\"03139d7\" data-element_type=\"widget\" data-settings=\"{&quot;default_state&quot;:&quot;all_collapsed&quot;,&quot;max_items_expended&quot;:&quot;one&quot;,&quot;n_accordion_animation_duration&quot;:{&quot;unit&quot;:&quot;ms&quot;,&quot;size&quot;:400,&quot;sizes&quot;:[]}}\" data-widget_type=\"nested-accordion.default\">\n\t\t\t\t<div class=\"elementor-widget-container\">\n\t\t\t\t\t\t\t<div class=\"e-n-accordion\" aria-label=\"Accordion. Open links with Enter or Space, close with Escape, and navigate with Arrow Keys\">\n\t\t\t\t\t\t<details id=\"e-n-accordion-item-3220\" class=\"e-n-accordion-item\" >\n\t\t\t\t<summary class=\"e-n-accordion-item-title\" data-accordion-index=\"1\" tabindex=\"0\" aria-expanded=\"false\" aria-controls=\"e-n-accordion-item-3220\" >\n\t\t\t\t\t<span class='e-n-accordion-item-title-header'><div class=\"e-n-accordion-item-title-text\"> Leer m\u00e1s <\/div><\/span>\n\t\t\t\t\t\t\t<span class='e-n-accordion-item-title-icon'>\n\t\t\t<span class='e-opened' ><svg aria-hidden=\"true\" class=\"e-font-icon-svg e-fas-minus\" viewbox=\"0 0 448 512\" xmlns=\"http:\/\/www.w3.org\/2000\/svg\"><path d=\"M416 208H32c-17.67 0-32 14.33-32 32v32c0 17.67 14.33 32 32 32h384c17.67 0 32-14.33 32-32v-32c0-17.67-14.33-32-32-32z\"><\/path><\/svg><\/span>\n\t\t\t<span class='e-closed'><svg aria-hidden=\"true\" class=\"e-font-icon-svg e-fas-plus\" viewbox=\"0 0 448 512\" xmlns=\"http:\/\/www.w3.org\/2000\/svg\"><path d=\"M416 208H272V64c0-17.67-14.33-32-32-32h-32c-17.67 0-32 14.33-32 32v144H32c-17.67 0-32 14.33-32 32v32c0 17.67 14.33 32 32 32h144v144c0 17.67 14.33 32 32 32h32c17.67 0 32-14.33 32-32V304h144c17.67 0 32-14.33 32-32v-32c0-17.67-14.33-32-32-32z\"><\/path><\/svg><\/span>\n\t\t<\/span>\n\n\t\t\t\t\t\t<\/summary>\n\t\t\t\t<div role=\"region\" aria-labelledby=\"e-n-accordion-item-3220\" class=\"elementor-element elementor-element-fba9150 e-con-full e-flex e-con e-child\" data-id=\"fba9150\" data-element_type=\"container\">\n\t\t\t\t<div class=\"elementor-element elementor-element-3e896d9 elementor-widget elementor-widget-text-editor\" data-id=\"3e896d9\" data-element_type=\"widget\" data-widget_type=\"text-editor.default\">\n\t\t\t\t<div class=\"elementor-widget-container\">\n\t\t\t\t\t\t\t\t\t<p>Con casi dos d\u00e9cadas de experiencia en Biodiversidad y Pol\u00edtica Clim\u00e1tica, Asuntos P\u00fablicos y Corporativos, Alianzas Estrat\u00e9gicas y Desarrollo Comercial, Javier se une a BioCarbon para liderar Asuntos Estrat\u00e9gicos e impulsar nuestra expansi\u00f3n global. A lo largo de su trayectoria profesional, se ha centrado en la crucial intersecci\u00f3n entre sostenibilidad, tecnolog\u00eda e innovaci\u00f3n, especializ\u00e1ndose en mercados de carbono, agua, econom\u00eda circular y biodiversidad.<\/p><p>Javier destaca por desarrollar e implementar soluciones complejas e innovadoras que abordan las crisis interrelacionadas del clima, la biodiversidad y el agua. Su experiencia radica en alinear soluciones basadas en la naturaleza para la conservaci\u00f3n y la restauraci\u00f3n \u2014particularmente dentro de los mercados de carbono y ambientales\u2014 con pol\u00edticas y marcos internacionales, nacionales y subnacionales. Esto incluye trabajar con el Acuerdo de Par\u00eds de la UNFCCC, el Marco Mundial de Biodiversidad Kunming-Montreal y los Objetivos de Desarrollo Sostenible (SDGs) de la ONU.<\/p><p>Su experiencia profesional abarca importantes multinacionales como Apple, Dell-EMC e Intertek plc, as\u00ed como consultor\u00edas especializadas como ClimateTrade, EcoAct (ahora Schneider Electric Climate Advisory Services) y Salterbaxter. Estos cargos le han proporcionado una visi\u00f3n profunda del entorno corporativo global y la formulaci\u00f3n de pol\u00edticas internacionales.<\/p><p>Miembro de la Royal Society of Arts (RSA), Javier aporta una mentalidad emprendedora y una s\u00f3lida formaci\u00f3n acad\u00e9mica a los mercados de capital natural, en constante evoluci\u00f3n. Es licenciado en Biolog\u00eda (estudios veterinarios), ingeniero en Sistemas Inform\u00e1ticos y posee un MBA con honores, lo que le permite desenvolverse y liderar en el complejo panorama medioambiental actual.<\/p>\t\t\t\t\t\t\t\t<\/div>\n\t\t\t\t<\/div>\n\t\t\t\t<\/div>\n\t\t\t\t\t<\/details>\n\t\t\t\t\t<\/div>\n\t\t\t\t\t\t<\/div>\n\t\t\t\t<\/div>\n\t\t\t\t<\/div>\n\t\t\t\t<\/div>\n\t\t<div class=\"elementor-element elementor-element-d3e7057 e-con-full e-flex e-con e-child\" data-id=\"d3e7057\" data-element_type=\"container\">\n\t\t<div class=\"elementor-element elementor-element-8609cec e-con-full e-flex e-con e-child\" data-id=\"8609cec\" data-element_type=\"container\" data-settings=\"{&quot;background_background&quot;:&quot;classic&quot;}\">\n\t\t\t\t<div class=\"elementor-element elementor-element-01e954a elementor-position-top elementor-widget elementor-widget-image-box\" data-id=\"01e954a\" data-element_type=\"widget\" data-widget_type=\"image-box.default\">\n\t\t\t\t<div class=\"elementor-widget-container\">\n\t\t\t\t\t<div class=\"elementor-image-box-wrapper\"><figure class=\"elementor-image-box-img\"><img loading=\"lazy\" decoding=\"async\" width=\"1852\" height=\"1852\" src=\"https:\/\/biocarbonstandard.com\/wp-content\/uploads\/Foto-Juan-Calderon-.webp\" class=\"attachment-full size-full wp-image-18387\" alt=\"\" srcset=\"https:\/\/biocarbonstandard.com\/wp-content\/uploads\/Foto-Juan-Calderon-.webp 1852w, https:\/\/biocarbonstandard.com\/wp-content\/uploads\/Foto-Juan-Calderon--280x280.webp 280w, https:\/\/biocarbonstandard.com\/wp-content\/uploads\/Foto-Juan-Calderon--768x768.webp 768w, https:\/\/biocarbonstandard.com\/wp-content\/uploads\/Foto-Juan-Calderon--1536x1536.webp 1536w, https:\/\/biocarbonstandard.com\/wp-content\/uploads\/Foto-Juan-Calderon--12x12.webp 12w\" sizes=\"(max-width: 1852px) 100vw, 1852px\" \/><\/figure><div class=\"elementor-image-box-content\"><h3 class=\"elementor-image-box-title\">Juan Calder\u00f3n<\/h3><p class=\"elementor-image-box-description\">Asistente T\u00e9cnico Junior<\/p><\/div><\/div>\t\t\t\t<\/div>\n\t\t\t\t<\/div>\n\t\t\t\t<div class=\"elementor-element elementor-element-3609d27 elementor-shape-circle e-grid-align-left elementor-hidden-desktop elementor-hidden-tablet elementor-hidden-mobile elementor-grid-0 elementor-widget elementor-widget-social-icons\" data-id=\"3609d27\" data-element_type=\"widget\" data-widget_type=\"social-icons.default\">\n\t\t\t\t<div class=\"elementor-widget-container\">\n\t\t\t\t\t\t\t<div class=\"elementor-social-icons-wrapper elementor-grid\">\n\t\t\t\t\t\t\t<span class=\"elementor-grid-item\">\n\t\t\t\t\t<a class=\"elementor-icon elementor-social-icon elementor-social-icon-linkedin elementor-repeater-item-b1df46f\" href=\"https:\/\/www.linkedin.com\/in\/gabriela-posada-b61934118\/\" target=\"_blank\" rel=\"noopener\">\n\t\t\t\t\t\t<span class=\"elementor-screen-only\">Linkedin<\/span>\n\t\t\t\t\t\t<svg aria-hidden=\"true\" class=\"e-font-icon-svg e-fab-linkedin\" viewbox=\"0 0 448 512\" xmlns=\"http:\/\/www.w3.org\/2000\/svg\"><path d=\"M416 32H31.9C14.3 32 0 46.5 0 64.3v383.4C0 465.5 14.3 480 31.9 480H416c17.6 0 32-14.5 32-32.3V64.3c0-17.8-14.4-32.3-32-32.3zM135.4 416H69V202.2h66.5V416zm-33.2-243c-21.3 0-38.5-17.3-38.5-38.5S80.9 96 102.2 96c21.2 0 38.5 17.3 38.5 38.5 0 21.3-17.2 38.5-38.5 38.5zm282.1 243h-66.4V312c0-24.8-.5-56.7-34.5-56.7-34.6 0-39.9 27-39.9 54.9V416h-66.4V202.2h63.7v29.2h.9c8.9-16.8 30.6-34.5 62.9-34.5 67.2 0 79.7 44.3 79.7 101.9V416z\"><\/path><\/svg>\t\t\t\t\t<\/a>\n\t\t\t\t<\/span>\n\t\t\t\t\t<\/div>\n\t\t\t\t\t\t<\/div>\n\t\t\t\t<\/div>\n\t\t\t\t<div class=\"elementor-element elementor-element-dd33d44 elementor-widget elementor-widget-n-accordion\" data-id=\"dd33d44\" data-element_type=\"widget\" data-settings=\"{&quot;default_state&quot;:&quot;all_collapsed&quot;,&quot;max_items_expended&quot;:&quot;one&quot;,&quot;n_accordion_animation_duration&quot;:{&quot;unit&quot;:&quot;ms&quot;,&quot;size&quot;:400,&quot;sizes&quot;:[]}}\" data-widget_type=\"nested-accordion.default\">\n\t\t\t\t<div class=\"elementor-widget-container\">\n\t\t\t\t\t\t\t<div class=\"e-n-accordion\" aria-label=\"Accordion. Open links with Enter or Space, close with Escape, and navigate with Arrow Keys\">\n\t\t\t\t\t\t<details id=\"e-n-accordion-item-2310\" class=\"e-n-accordion-item\" >\n\t\t\t\t<summary class=\"e-n-accordion-item-title\" data-accordion-index=\"1\" tabindex=\"0\" aria-expanded=\"false\" aria-controls=\"e-n-accordion-item-2310\" >\n\t\t\t\t\t<span class='e-n-accordion-item-title-header'><div class=\"e-n-accordion-item-title-text\"> Leer m\u00e1s <\/div><\/span>\n\t\t\t\t\t\t\t<span class='e-n-accordion-item-title-icon'>\n\t\t\t<span class='e-opened' ><svg aria-hidden=\"true\" class=\"e-font-icon-svg e-fas-minus\" viewbox=\"0 0 448 512\" xmlns=\"http:\/\/www.w3.org\/2000\/svg\"><path d=\"M416 208H32c-17.67 0-32 14.33-32 32v32c0 17.67 14.33 32 32 32h384c17.67 0 32-14.33 32-32v-32c0-17.67-14.33-32-32-32z\"><\/path><\/svg><\/span>\n\t\t\t<span class='e-closed'><svg aria-hidden=\"true\" class=\"e-font-icon-svg e-fas-plus\" viewbox=\"0 0 448 512\" xmlns=\"http:\/\/www.w3.org\/2000\/svg\"><path d=\"M416 208H272V64c0-17.67-14.33-32-32-32h-32c-17.67 0-32 14.33-32 32v144H32c-17.67 0-32 14.33-32 32v32c0 17.67 14.33 32 32 32h144v144c0 17.67 14.33 32 32 32h32c17.67 0 32-14.33 32-32V304h144c17.67 0 32-14.33 32-32v-32c0-17.67-14.33-32-32-32z\"><\/path><\/svg><\/span>\n\t\t<\/span>\n\n\t\t\t\t\t\t<\/summary>\n\t\t\t\t<div role=\"region\" aria-labelledby=\"e-n-accordion-item-2310\" class=\"elementor-element elementor-element-7283eb7 e-con-full e-flex e-con e-child\" data-id=\"7283eb7\" data-element_type=\"container\">\n\t\t\t\t<div class=\"elementor-element elementor-element-e9b7979 elementor-widget elementor-widget-text-editor\" data-id=\"e9b7979\" data-element_type=\"widget\" data-widget_type=\"text-editor.default\">\n\t\t\t\t<div class=\"elementor-widget-container\">\n\t\t\t\t\t\t\t\t\t<p>Juan Manuel es biotecn\u00f3logo enfocado en an\u00e1lisis bioinform\u00e1tico, gen\u00e9tica y microbiolog\u00eda cl\u00ednica. Motivado por una profunda curiosidad cient\u00edfica y un compromiso \u00e9tico con el medio ambiente, desea orientar su trayectoria profesional hacia la biotecnolog\u00eda verde y la fisiolog\u00eda vegetal, buscando alinear su rigor cient\u00edfico con soluciones ecol\u00f3gicas sostenibles.<\/p><p>En su rol como Junior Technical Assistant, Juan Manuel aplica su conocimiento t\u00e9cnico para apoyar la labor de BioCarbon. Su posici\u00f3n le permite canalizar su formaci\u00f3n cient\u00edfica hacia contribuciones tangibles para el planeta, apoyando la misi\u00f3n de la empresa a trav\u00e9s del an\u00e1lisis riguroso y la innovaci\u00f3n.<\/p><p>Radicado en Bogot\u00e1, Colombia, Juan Manuel combina su vida cient\u00edfica con su faceta de chef profesional. Es un apasionado de la gastronom\u00eda, disciplina en la que aplica la misma atenci\u00f3n al detalle y creatividad que en el laboratorio. Le gustan los videojuegos y viajar.<\/p>\t\t\t\t\t\t\t\t<\/div>\n\t\t\t\t<\/div>\n\t\t\t\t<\/div>\n\t\t\t\t\t<\/details>\n\t\t\t\t\t<\/div>\n\t\t\t\t\t\t<\/div>\n\t\t\t\t<\/div>\n\t\t\t\t<\/div>\n\t\t\t\t<\/div>\n\t\t<div class=\"elementor-element elementor-element-5cb6049 e-con-full e-flex e-con e-child\" data-id=\"5cb6049\" data-element_type=\"container\">\n\t\t<div class=\"elementor-element elementor-element-aa8281a e-con-full e-flex e-con e-child\" data-id=\"aa8281a\" data-element_type=\"container\" data-settings=\"{&quot;background_background&quot;:&quot;classic&quot;}\">\n\t\t\t\t<div class=\"elementor-element elementor-element-8bc51c7 elementor-position-top elementor-widget elementor-widget-image-box\" data-id=\"8bc51c7\" data-element_type=\"widget\" data-widget_type=\"image-box.default\">\n\t\t\t\t<div class=\"elementor-widget-container\">\n\t\t\t\t\t<div class=\"elementor-image-box-wrapper\"><figure class=\"elementor-image-box-img\"><img loading=\"lazy\" decoding=\"async\" width=\"1432\" height=\"1432\" src=\"https:\/\/biocarbonstandard.com\/wp-content\/uploads\/Foto-Paola-Guaman.webp\" class=\"attachment-full size-full wp-image-18477\" alt=\"\" srcset=\"https:\/\/biocarbonstandard.com\/wp-content\/uploads\/Foto-Paola-Guaman.webp 1432w, https:\/\/biocarbonstandard.com\/wp-content\/uploads\/Foto-Paola-Guaman-280x280.webp 280w, https:\/\/biocarbonstandard.com\/wp-content\/uploads\/Foto-Paola-Guaman-768x768.webp 768w, https:\/\/biocarbonstandard.com\/wp-content\/uploads\/Foto-Paola-Guaman-12x12.webp 12w\" sizes=\"(max-width: 1432px) 100vw, 1432px\" \/><\/figure><div class=\"elementor-image-box-content\"><h3 class=\"elementor-image-box-title\">Paola Guaman<\/h3><p class=\"elementor-image-box-description\">Asistente Administrativa y Contable<\/p><\/div><\/div>\t\t\t\t<\/div>\n\t\t\t\t<\/div>\n\t\t\t\t<div class=\"elementor-element elementor-element-6fc4c0f elementor-shape-circle e-grid-align-left elementor-hidden-desktop elementor-hidden-tablet elementor-hidden-mobile elementor-grid-0 elementor-widget elementor-widget-social-icons\" data-id=\"6fc4c0f\" data-element_type=\"widget\" data-widget_type=\"social-icons.default\">\n\t\t\t\t<div class=\"elementor-widget-container\">\n\t\t\t\t\t\t\t<div class=\"elementor-social-icons-wrapper elementor-grid\">\n\t\t\t\t\t\t\t<span class=\"elementor-grid-item\">\n\t\t\t\t\t<a class=\"elementor-icon elementor-social-icon elementor-social-icon-linkedin elementor-repeater-item-b1df46f\" href=\"https:\/\/www.linkedin.com\/in\/paloma-sarria-0858a719\/\" target=\"_blank\" rel=\"noopener\">\n\t\t\t\t\t\t<span class=\"elementor-screen-only\">Linkedin<\/span>\n\t\t\t\t\t\t<svg aria-hidden=\"true\" class=\"e-font-icon-svg e-fab-linkedin\" viewbox=\"0 0 448 512\" xmlns=\"http:\/\/www.w3.org\/2000\/svg\"><path d=\"M416 32H31.9C14.3 32 0 46.5 0 64.3v383.4C0 465.5 14.3 480 31.9 480H416c17.6 0 32-14.5 32-32.3V64.3c0-17.8-14.4-32.3-32-32.3zM135.4 416H69V202.2h66.5V416zm-33.2-243c-21.3 0-38.5-17.3-38.5-38.5S80.9 96 102.2 96c21.2 0 38.5 17.3 38.5 38.5 0 21.3-17.2 38.5-38.5 38.5zm282.1 243h-66.4V312c0-24.8-.5-56.7-34.5-56.7-34.6 0-39.9 27-39.9 54.9V416h-66.4V202.2h63.7v29.2h.9c8.9-16.8 30.6-34.5 62.9-34.5 67.2 0 79.7 44.3 79.7 101.9V416z\"><\/path><\/svg>\t\t\t\t\t<\/a>\n\t\t\t\t<\/span>\n\t\t\t\t\t<\/div>\n\t\t\t\t\t\t<\/div>\n\t\t\t\t<\/div>\n\t\t\t\t<div class=\"elementor-element elementor-element-809c08c elementor-widget elementor-widget-n-accordion\" data-id=\"809c08c\" data-element_type=\"widget\" data-settings=\"{&quot;default_state&quot;:&quot;all_collapsed&quot;,&quot;max_items_expended&quot;:&quot;one&quot;,&quot;n_accordion_animation_duration&quot;:{&quot;unit&quot;:&quot;ms&quot;,&quot;size&quot;:400,&quot;sizes&quot;:[]}}\" data-widget_type=\"nested-accordion.default\">\n\t\t\t\t<div class=\"elementor-widget-container\">\n\t\t\t\t\t\t\t<div class=\"e-n-accordion\" aria-label=\"Accordion. Open links with Enter or Space, close with Escape, and navigate with Arrow Keys\">\n\t\t\t\t\t\t<details id=\"e-n-accordion-item-1340\" class=\"e-n-accordion-item\" >\n\t\t\t\t<summary class=\"e-n-accordion-item-title\" data-accordion-index=\"1\" tabindex=\"0\" aria-expanded=\"false\" aria-controls=\"e-n-accordion-item-1340\" >\n\t\t\t\t\t<span class='e-n-accordion-item-title-header'><div class=\"e-n-accordion-item-title-text\"> Leer m\u00e1s <\/div><\/span>\n\t\t\t\t\t\t\t<span class='e-n-accordion-item-title-icon'>\n\t\t\t<span class='e-opened' ><svg aria-hidden=\"true\" class=\"e-font-icon-svg e-fas-minus\" viewbox=\"0 0 448 512\" xmlns=\"http:\/\/www.w3.org\/2000\/svg\"><path d=\"M416 208H32c-17.67 0-32 14.33-32 32v32c0 17.67 14.33 32 32 32h384c17.67 0 32-14.33 32-32v-32c0-17.67-14.33-32-32-32z\"><\/path><\/svg><\/span>\n\t\t\t<span class='e-closed'><svg aria-hidden=\"true\" class=\"e-font-icon-svg e-fas-plus\" viewbox=\"0 0 448 512\" xmlns=\"http:\/\/www.w3.org\/2000\/svg\"><path d=\"M416 208H272V64c0-17.67-14.33-32-32-32h-32c-17.67 0-32 14.33-32 32v144H32c-17.67 0-32 14.33-32 32v32c0 17.67 14.33 32 32 32h144v144c0 17.67 14.33 32 32 32h32c17.67 0 32-14.33 32-32V304h144c17.67 0 32-14.33 32-32v-32c0-17.67-14.33-32-32-32z\"><\/path><\/svg><\/span>\n\t\t<\/span>\n\n\t\t\t\t\t\t<\/summary>\n\t\t\t\t<div role=\"region\" aria-labelledby=\"e-n-accordion-item-1340\" class=\"elementor-element elementor-element-7f81d6f e-con-full e-flex e-con e-child\" data-id=\"7f81d6f\" data-element_type=\"container\">\n\t\t\t\t<div class=\"elementor-element elementor-element-314cd47 elementor-widget elementor-widget-text-editor\" data-id=\"314cd47\" data-element_type=\"widget\" data-widget_type=\"text-editor.default\">\n\t\t\t\t<div class=\"elementor-widget-container\">\n\t\t\t\t\t\t\t\t\t<p>Paola es Contadora P\u00fablica egresada de la Corporaci\u00f3n Universitaria Minuto de Dios, con una s\u00f3lida trayectoria de m\u00e1s de 18 a\u00f1os en el \u00e1mbito contable. Su experiencia es amplia y diversa, habi\u00e9ndose desempe\u00f1ado en m\u00faltiples sectores econ\u00f3micos en Colombia. Su experiencia ha sido ampl\u00eda involucrando m\u00faltiples sectores econ\u00f3micos a nivel nacional adquiriendo conocimientos y herramientas que le permiten desarrollar una gesti\u00f3n integral a nivel contable y administrativa.<\/p><p><span data-contrast=\"none\">Se distingue por su sentido de la responsabilidad, orden y capacidad anal\u00edtica para resolver problemas de manera eficiente, garantizando siempre la exactitud y confiabilidad de la informaci\u00f3n financiera. Le apasiona aportar soluciones pr\u00e1cticas que impulsen la estabilidad y el crecimiento de las organizaciones.<\/span><span data-ccp-props=\"{&quot;134233117&quot;:false,&quot;134233118&quot;:false,&quot;335551550&quot;:6,&quot;335551620&quot;:6,&quot;335559738&quot;:195,&quot;335559739&quot;:195}\">\u00a0<\/span><\/p><p><span data-contrast=\"none\">En el plano personal, Paola valora profundamente el equilibrio entre vida y trabajo. Su mayor alegr\u00eda es compartir tiempo de calidad con su familia y, especialmente, disfrutar de la convivencia y los juegos con su hija, creando recuerdos que atesora como su motor principal.<\/span><span data-ccp-props=\"{&quot;134233117&quot;:false,&quot;134233118&quot;:false,&quot;335551550&quot;:6,&quot;335551620&quot;:6,&quot;335559738&quot;:195,&quot;335559739&quot;:195}\">\u00a0<\/span><\/p>\t\t\t\t\t\t\t\t<\/div>\n\t\t\t\t<\/div>\n\t\t\t\t<\/div>\n\t\t\t\t\t<\/details>\n\t\t\t\t\t<\/div>\n\t\t\t\t\t\t<\/div>\n\t\t\t\t<\/div>\n\t\t\t\t<\/div>\n\t\t\t\t<\/div>\n\t\t<div class=\"elementor-element elementor-element-963f973 e-con-full e-flex e-con e-child\" data-id=\"963f973\" data-element_type=\"container\">\n\t\t\t\t<\/div>\n\t\t\t\t<\/div>\n\t\t<div class=\"elementor-element elementor-element-3f01b58 e-con-full e-flex e-con e-child\" data-id=\"3f01b58\" data-element_type=\"container\">\n\t\t<div class=\"elementor-element elementor-element-9b50904 e-con-full e-flex e-con e-child\" data-id=\"9b50904\" data-element_type=\"container\">\n\t\t\t\t<\/div>\n\t\t<div class=\"elementor-element elementor-element-ce4d69f e-con-full e-flex e-con e-child\" data-id=\"ce4d69f\" data-element_type=\"container\">\n\t\t\t\t<\/div>\n\t\t<div class=\"elementor-element elementor-element-253865e e-con-full e-flex e-con e-child\" data-id=\"253865e\" data-element_type=\"container\">\n\t\t\t\t<\/div>\n\t\t<div class=\"elementor-element elementor-element-1246c32 e-con-full e-flex e-con e-child\" data-id=\"1246c32\" data-element_type=\"container\">\n\t\t\t\t<\/div>\n\t\t\t\t<\/div>\n\t\t\t\t\t<\/div>\n\t\t\t\t<\/div>\n\t\t\t\t\t<\/div>\n\t\t\t\t<\/div>\n\t\t<div class=\"elementor-element elementor-element-569dd9d e-flex e-con-boxed e-con e-parent\" data-id=\"569dd9d\" data-element_type=\"container\">\n\t\t\t\t\t<div class=\"e-con-inner\">\n\t\t\t\t<div class=\"elementor-element elementor-element-23a4f78 elementor-widget-divider--view-line elementor-widget elementor-widget-divider\" data-id=\"23a4f78\" data-element_type=\"widget\" data-widget_type=\"divider.default\">\n\t\t\t\t<div class=\"elementor-widget-container\">\n\t\t\t\t\t\t\t<div class=\"elementor-divider\">\n\t\t\t<span class=\"elementor-divider-separator\">\n\t\t\t\t\t\t<\/span>\n\t\t<\/div>\n\t\t\t\t\t\t<\/div>\n\t\t\t\t<\/div>\n\t\t\t\t<div class=\"elementor-element elementor-element-ab3383b elementor-widget elementor-widget-heading\" data-id=\"ab3383b\" data-element_type=\"widget\" data-widget_type=\"heading.default\">\n\t\t\t\t<div class=\"elementor-widget-container\">\n\t\t\t\t\t<h2 class=\"elementor-heading-title elementor-size-default\">Comit\u00e9 T\u00e9cnico<\/h2>\t\t\t\t<\/div>\n\t\t\t\t<\/div>\n\t\t\t\t\t<\/div>\n\t\t\t\t<\/div>\n\t\t<div class=\"elementor-element elementor-element-08014c5 e-flex e-con-boxed e-con e-parent\" data-id=\"08014c5\" data-element_type=\"container\">\n\t\t\t\t\t<div class=\"e-con-inner\">\n\t\t<div class=\"elementor-element elementor-element-c3bad34 e-con-full e-flex e-con e-child\" data-id=\"c3bad34\" data-element_type=\"container\">\n\t\t<div class=\"elementor-element elementor-element-44597e4 e-con-full e-flex e-con e-child\" data-id=\"44597e4\" data-element_type=\"container\">\n\t\t\t\t<div class=\"elementor-element elementor-element-cd85cc9 elementor-position-top elementor-widget elementor-widget-image-box\" data-id=\"cd85cc9\" data-element_type=\"widget\" data-widget_type=\"image-box.default\">\n\t\t\t\t<div class=\"elementor-widget-container\">\n\t\t\t\t\t<div class=\"elementor-image-box-wrapper\"><figure class=\"elementor-image-box-img\"><img loading=\"lazy\" decoding=\"async\" width=\"512\" height=\"512\" src=\"https:\/\/biocarbonstandard.com\/wp-content\/uploads\/04-copy.webp\" class=\"attachment-full size-full wp-image-17241\" alt=\"\" srcset=\"https:\/\/biocarbonstandard.com\/wp-content\/uploads\/04-copy.webp 512w, https:\/\/biocarbonstandard.com\/wp-content\/uploads\/04-copy-280x280.webp 280w, https:\/\/biocarbonstandard.com\/wp-content\/uploads\/04-copy-12x12.webp 12w\" sizes=\"(max-width: 512px) 100vw, 512px\" \/><\/figure><div class=\"elementor-image-box-content\"><h3 class=\"elementor-image-box-title\">Cesar Garay<\/h3><\/div><\/div>\t\t\t\t<\/div>\n\t\t\t\t<\/div>\n\t\t\t\t<div class=\"elementor-element elementor-element-01649d1 elementor-widget elementor-widget-n-accordion\" data-id=\"01649d1\" data-element_type=\"widget\" data-settings=\"{&quot;default_state&quot;:&quot;all_collapsed&quot;,&quot;max_items_expended&quot;:&quot;one&quot;,&quot;n_accordion_animation_duration&quot;:{&quot;unit&quot;:&quot;ms&quot;,&quot;size&quot;:400,&quot;sizes&quot;:[]}}\" data-widget_type=\"nested-accordion.default\">\n\t\t\t\t<div class=\"elementor-widget-container\">\n\t\t\t\t\t\t\t<div class=\"e-n-accordion\" aria-label=\"Accordion. Open links with Enter or Space, close with Escape, and navigate with Arrow Keys\">\n\t\t\t\t\t\t<details id=\"e-n-accordion-item-1460\" class=\"e-n-accordion-item\" >\n\t\t\t\t<summary class=\"e-n-accordion-item-title\" data-accordion-index=\"1\" tabindex=\"0\" aria-expanded=\"false\" aria-controls=\"e-n-accordion-item-1460\" >\n\t\t\t\t\t<span class='e-n-accordion-item-title-header'><div class=\"e-n-accordion-item-title-text\"> Leer m\u00e1s <\/div><\/span>\n\t\t\t\t\t\t\t<span class='e-n-accordion-item-title-icon'>\n\t\t\t<span class='e-opened' ><svg aria-hidden=\"true\" class=\"e-font-icon-svg e-fas-minus\" viewbox=\"0 0 448 512\" xmlns=\"http:\/\/www.w3.org\/2000\/svg\"><path d=\"M416 208H32c-17.67 0-32 14.33-32 32v32c0 17.67 14.33 32 32 32h384c17.67 0 32-14.33 32-32v-32c0-17.67-14.33-32-32-32z\"><\/path><\/svg><\/span>\n\t\t\t<span class='e-closed'><svg aria-hidden=\"true\" class=\"e-font-icon-svg e-fas-plus\" viewbox=\"0 0 448 512\" xmlns=\"http:\/\/www.w3.org\/2000\/svg\"><path d=\"M416 208H272V64c0-17.67-14.33-32-32-32h-32c-17.67 0-32 14.33-32 32v144H32c-17.67 0-32 14.33-32 32v32c0 17.67 14.33 32 32 32h144v144c0 17.67 14.33 32 32 32h32c17.67 0 32-14.33 32-32V304h144c17.67 0 32-14.33 32-32v-32c0-17.67-14.33-32-32-32z\"><\/path><\/svg><\/span>\n\t\t<\/span>\n\n\t\t\t\t\t\t<\/summary>\n\t\t\t\t<div role=\"region\" aria-labelledby=\"e-n-accordion-item-1460\" class=\"elementor-element elementor-element-fd45106 e-con-full e-flex e-con e-child\" data-id=\"fd45106\" data-element_type=\"container\">\n\t\t\t\t<div class=\"elementor-element elementor-element-a5758ab elementor-widget elementor-widget-text-editor\" data-id=\"a5758ab\" data-element_type=\"widget\" data-widget_type=\"text-editor.default\">\n\t\t\t\t<div class=\"elementor-widget-container\">\n\t\t\t\t\t\t\t\t\t<p>Ingeniero Agr\u00edcola, MSc. Suelos &amp; Agua Wageningen University and Research Centrum, Holanda. Experto en manejo y gesti\u00f3n de aguas y suelos con experiencia particular en modelaci\u00f3n hidr\u00e1ulica, hidrol\u00f3gica, hidro-econ\u00f3mica, direcci\u00f3n t\u00e9cnica y cient\u00edfica de proyectos, y formulaci\u00f3n de planes de gesti\u00f3n de riesgo.<\/p><p>Experiencia en dise\u00f1o de soluciones basadas en la naturaleza para control de inundaciones y erosi\u00f3n de suelos. Planeaci\u00f3n de medidas para adaptaci\u00f3n\/mitigaci\u00f3n del cambio clim\u00e1tico. Procesamiento de datos de sensores remotos y sistemas de informaci\u00f3n geogr\u00e1fica.<\/p>\t\t\t\t\t\t\t\t<\/div>\n\t\t\t\t<\/div>\n\t\t\t\t<\/div>\n\t\t\t\t\t<\/details>\n\t\t\t\t\t<\/div>\n\t\t\t\t\t\t<\/div>\n\t\t\t\t<\/div>\n\t\t\t\t<\/div>\n\t\t\t\t<\/div>\n\t\t<div class=\"elementor-element elementor-element-c289479 e-con-full e-flex e-con e-child\" data-id=\"c289479\" data-element_type=\"container\">\n\t\t<div class=\"elementor-element elementor-element-7832836 e-con-full e-flex e-con e-child\" data-id=\"7832836\" data-element_type=\"container\">\n\t\t\t\t<div class=\"elementor-element elementor-element-79d73b8 elementor-position-top elementor-widget elementor-widget-image-box\" data-id=\"79d73b8\" data-element_type=\"widget\" data-widget_type=\"image-box.default\">\n\t\t\t\t<div class=\"elementor-widget-container\">\n\t\t\t\t\t<div class=\"elementor-image-box-wrapper\"><figure class=\"elementor-image-box-img\"><img loading=\"lazy\" decoding=\"async\" width=\"512\" height=\"512\" src=\"https:\/\/biocarbonstandard.com\/wp-content\/uploads\/04.webp\" class=\"attachment-full size-full wp-image-17242\" alt=\"\" srcset=\"https:\/\/biocarbonstandard.com\/wp-content\/uploads\/04.webp 512w, https:\/\/biocarbonstandard.com\/wp-content\/uploads\/04-280x280.webp 280w, https:\/\/biocarbonstandard.com\/wp-content\/uploads\/04-12x12.webp 12w\" sizes=\"(max-width: 512px) 100vw, 512px\" \/><\/figure><div class=\"elementor-image-box-content\"><h3 class=\"elementor-image-box-title\">Jahaziel Amaya<\/h3><\/div><\/div>\t\t\t\t<\/div>\n\t\t\t\t<\/div>\n\t\t\t\t<div class=\"elementor-element elementor-element-af33135 elementor-widget elementor-widget-n-accordion\" data-id=\"af33135\" data-element_type=\"widget\" data-settings=\"{&quot;default_state&quot;:&quot;all_collapsed&quot;,&quot;max_items_expended&quot;:&quot;one&quot;,&quot;n_accordion_animation_duration&quot;:{&quot;unit&quot;:&quot;ms&quot;,&quot;size&quot;:400,&quot;sizes&quot;:[]}}\" data-widget_type=\"nested-accordion.default\">\n\t\t\t\t<div class=\"elementor-widget-container\">\n\t\t\t\t\t\t\t<div class=\"e-n-accordion\" aria-label=\"Accordion. Open links with Enter or Space, close with Escape, and navigate with Arrow Keys\">\n\t\t\t\t\t\t<details id=\"e-n-accordion-item-1830\" class=\"e-n-accordion-item\" >\n\t\t\t\t<summary class=\"e-n-accordion-item-title\" data-accordion-index=\"1\" tabindex=\"0\" aria-expanded=\"false\" aria-controls=\"e-n-accordion-item-1830\" >\n\t\t\t\t\t<span class='e-n-accordion-item-title-header'><div class=\"e-n-accordion-item-title-text\"> Leer m\u00e1s <\/div><\/span>\n\t\t\t\t\t\t\t<span class='e-n-accordion-item-title-icon'>\n\t\t\t<span class='e-opened' ><svg aria-hidden=\"true\" class=\"e-font-icon-svg e-fas-minus\" viewbox=\"0 0 448 512\" xmlns=\"http:\/\/www.w3.org\/2000\/svg\"><path d=\"M416 208H32c-17.67 0-32 14.33-32 32v32c0 17.67 14.33 32 32 32h384c17.67 0 32-14.33 32-32v-32c0-17.67-14.33-32-32-32z\"><\/path><\/svg><\/span>\n\t\t\t<span class='e-closed'><svg aria-hidden=\"true\" class=\"e-font-icon-svg e-fas-plus\" viewbox=\"0 0 448 512\" xmlns=\"http:\/\/www.w3.org\/2000\/svg\"><path d=\"M416 208H272V64c0-17.67-14.33-32-32-32h-32c-17.67 0-32 14.33-32 32v144H32c-17.67 0-32 14.33-32 32v32c0 17.67 14.33 32 32 32h144v144c0 17.67 14.33 32 32 32h32c17.67 0 32-14.33 32-32V304h144c17.67 0 32-14.33 32-32v-32c0-17.67-14.33-32-32-32z\"><\/path><\/svg><\/span>\n\t\t<\/span>\n\n\t\t\t\t\t\t<\/summary>\n\t\t\t\t<div role=\"region\" aria-labelledby=\"e-n-accordion-item-1830\" class=\"elementor-element elementor-element-c337882 e-con-full e-flex e-con e-child\" data-id=\"c337882\" data-element_type=\"container\">\n\t\t\t\t<div class=\"elementor-element elementor-element-a30d6d9 elementor-widget elementor-widget-text-editor\" data-id=\"a30d6d9\" data-element_type=\"widget\" data-widget_type=\"text-editor.default\">\n\t\t\t\t<div class=\"elementor-widget-container\">\n\t\t\t\t\t\t\t\t\t<p>Jahaziel es un profesional destacado con un doctorado y un posdoctorado de la Universidad Nacional de Colombia. Ha enriquecido su experiencia a trav\u00e9s de vivencias internacionales en el Reino Unido, B\u00e9lgica y Espa\u00f1a, especializ\u00e1ndose en la s\u00edntesis y caracterizaci\u00f3n de materiales, con un enfoque en la sostenibilidad ambiental.<\/p><p>Jahaziel es apasionado por el conocimiento, demostrando habilidades destacadas en comunicaci\u00f3n, colaboraci\u00f3n e integridad inquebrantable. Cree firmemente en el poder de la ciencia para impulsar el progreso social, compartiendo apasionadamente conocimientos cient\u00edficos en diversos segmentos. Como miembro activo del Comit\u00e9 T\u00e9cnico en BioCarbon, Jahaziel desempe\u00f1a un papel crucial en la investigaci\u00f3n y desarrollo de soluciones sostenibles para abordar los desaf\u00edos medioambientales. Su dedicaci\u00f3n y compromiso son fundamentales para avanzar hacia un futuro m\u00e1s sostenible y respetuoso con el medio ambiente.<\/p><p>Sus intereses personales incluyen disfrutar momentos con la familia, paseos serenos para rejuvenecimiento mental, una apreciaci\u00f3n por diversos g\u00e9neros musicales, y un amor por experiencias culinarias y viajes, explorando diversas culturas a trav\u00e9s de sus cocinas \u00fanicas.<\/p>\t\t\t\t\t\t\t\t<\/div>\n\t\t\t\t<\/div>\n\t\t\t\t<\/div>\n\t\t\t\t\t<\/details>\n\t\t\t\t\t<\/div>\n\t\t\t\t\t\t<\/div>\n\t\t\t\t<\/div>\n\t\t\t\t<\/div>\n\t\t\t\t<\/div>\n\t\t<div class=\"elementor-element elementor-element-a33be1f e-con-full e-flex e-con e-child\" data-id=\"a33be1f\" data-element_type=\"container\">\n\t\t<div class=\"elementor-element elementor-element-28f9285 e-con-full e-flex e-con e-child\" data-id=\"28f9285\" data-element_type=\"container\">\n\t\t\t\t<div class=\"elementor-element elementor-element-ae71ee4 elementor-position-top elementor-widget elementor-widget-image-box\" data-id=\"ae71ee4\" data-element_type=\"widget\" data-widget_type=\"image-box.default\">\n\t\t\t\t<div class=\"elementor-widget-container\">\n\t\t\t\t\t<div class=\"elementor-image-box-wrapper\"><figure class=\"elementor-image-box-img\"><img loading=\"lazy\" decoding=\"async\" width=\"512\" height=\"512\" src=\"https:\/\/biocarbonstandard.com\/wp-content\/uploads\/04-copy-2.webp\" class=\"attachment-full size-full wp-image-17239\" alt=\"\" srcset=\"https:\/\/biocarbonstandard.com\/wp-content\/uploads\/04-copy-2.webp 512w, https:\/\/biocarbonstandard.com\/wp-content\/uploads\/04-copy-2-280x280.webp 280w, https:\/\/biocarbonstandard.com\/wp-content\/uploads\/04-copy-2-12x12.webp 12w\" sizes=\"(max-width: 512px) 100vw, 512px\" \/><\/figure><div class=\"elementor-image-box-content\"><h3 class=\"elementor-image-box-title\">Jhon B. Urrego<\/h3><\/div><\/div>\t\t\t\t<\/div>\n\t\t\t\t<\/div>\n\t\t\t\t<div class=\"elementor-element elementor-element-eaa384d elementor-widget elementor-widget-n-accordion\" data-id=\"eaa384d\" data-element_type=\"widget\" data-settings=\"{&quot;default_state&quot;:&quot;all_collapsed&quot;,&quot;max_items_expended&quot;:&quot;one&quot;,&quot;n_accordion_animation_duration&quot;:{&quot;unit&quot;:&quot;ms&quot;,&quot;size&quot;:400,&quot;sizes&quot;:[]}}\" data-widget_type=\"nested-accordion.default\">\n\t\t\t\t<div class=\"elementor-widget-container\">\n\t\t\t\t\t\t\t<div class=\"e-n-accordion\" aria-label=\"Accordion. Open links with Enter or Space, close with Escape, and navigate with Arrow Keys\">\n\t\t\t\t\t\t<details id=\"e-n-accordion-item-2460\" class=\"e-n-accordion-item\" >\n\t\t\t\t<summary class=\"e-n-accordion-item-title\" data-accordion-index=\"1\" tabindex=\"0\" aria-expanded=\"false\" aria-controls=\"e-n-accordion-item-2460\" >\n\t\t\t\t\t<span class='e-n-accordion-item-title-header'><div class=\"e-n-accordion-item-title-text\"> Leer m\u00e1s <\/div><\/span>\n\t\t\t\t\t\t\t<span class='e-n-accordion-item-title-icon'>\n\t\t\t<span class='e-opened' ><svg aria-hidden=\"true\" class=\"e-font-icon-svg e-fas-minus\" viewbox=\"0 0 448 512\" xmlns=\"http:\/\/www.w3.org\/2000\/svg\"><path d=\"M416 208H32c-17.67 0-32 14.33-32 32v32c0 17.67 14.33 32 32 32h384c17.67 0 32-14.33 32-32v-32c0-17.67-14.33-32-32-32z\"><\/path><\/svg><\/span>\n\t\t\t<span class='e-closed'><svg aria-hidden=\"true\" class=\"e-font-icon-svg e-fas-plus\" viewbox=\"0 0 448 512\" xmlns=\"http:\/\/www.w3.org\/2000\/svg\"><path d=\"M416 208H272V64c0-17.67-14.33-32-32-32h-32c-17.67 0-32 14.33-32 32v144H32c-17.67 0-32 14.33-32 32v32c0 17.67 14.33 32 32 32h144v144c0 17.67 14.33 32 32 32h32c17.67 0 32-14.33 32-32V304h144c17.67 0 32-14.33 32-32v-32c0-17.67-14.33-32-32-32z\"><\/path><\/svg><\/span>\n\t\t<\/span>\n\n\t\t\t\t\t\t<\/summary>\n\t\t\t\t<div role=\"region\" aria-labelledby=\"e-n-accordion-item-2460\" class=\"elementor-element elementor-element-abf2ebd e-con-full e-flex e-con e-child\" data-id=\"abf2ebd\" data-element_type=\"container\">\n\t\t\t\t<div class=\"elementor-element elementor-element-e8aa115 elementor-widget elementor-widget-text-editor\" data-id=\"e8aa115\" data-element_type=\"widget\" data-widget_type=\"text-editor.default\">\n\t\t\t\t<div class=\"elementor-widget-container\">\n\t\t\t\t\t\t\t\t\t<p>Es Ingeniero Forestal de la Universidad Nacional de Colombia y tiene una Maestr\u00eda en Productividad Forestal y Silvicultura en la Universidad Estatal de Carolina del Norte. Por m\u00e1s de 30 a\u00f1os, Byron ha trabajado en programas de mejoramiento gen\u00e9tico de pinos tropicales y subtropicales, desarrollo de programas cl\u00f3nales y de mejoramiento gen\u00e9tico de Eucalyptus, as\u00ed como tambi\u00e9n en silvicultura de plantaciones forestales comerciales, nutrici\u00f3n y productividad forestal.<\/p><p>Durante parte de ese tiempo Byron ha sido parte de los comit\u00e9s t\u00e9cnicos y comit\u00e9s asesores; de la Forest Productivity Cooperative y de la Central Am\u00e9rica and M\u00e9xico Coniferous Resources Cooperative (CAMCORE), ambas con sede en el Colegio de Recursos Naturales de la Universidad Estatal de Carolina del Norte, representando al Departamento de Investigaci\u00f3n Forestal de Smurfit Kappa Colombia.<\/p>\t\t\t\t\t\t\t\t<\/div>\n\t\t\t\t<\/div>\n\t\t\t\t<\/div>\n\t\t\t\t\t<\/details>\n\t\t\t\t\t<\/div>\n\t\t\t\t\t\t<\/div>\n\t\t\t\t<\/div>\n\t\t\t\t<\/div>\n\t\t\t\t<\/div>\n\t\t<div class=\"elementor-element elementor-element-4122620 e-con-full e-flex e-con e-child\" data-id=\"4122620\" data-element_type=\"container\">\n\t\t<div class=\"elementor-element elementor-element-c7266cd e-con-full e-flex e-con e-child\" data-id=\"c7266cd\" data-element_type=\"container\">\n\t\t\t\t<div class=\"elementor-element elementor-element-d6a348a elementor-position-top elementor-widget elementor-widget-image-box\" data-id=\"d6a348a\" data-element_type=\"widget\" data-widget_type=\"image-box.default\">\n\t\t\t\t<div class=\"elementor-widget-container\">\n\t\t\t\t\t<div class=\"elementor-image-box-wrapper\"><figure class=\"elementor-image-box-img\"><img loading=\"lazy\" decoding=\"async\" width=\"512\" height=\"512\" src=\"https:\/\/biocarbonstandard.com\/wp-content\/uploads\/04-copy-3.webp\" class=\"attachment-full size-full wp-image-17240\" alt=\"\" srcset=\"https:\/\/biocarbonstandard.com\/wp-content\/uploads\/04-copy-3.webp 512w, https:\/\/biocarbonstandard.com\/wp-content\/uploads\/04-copy-3-280x280.webp 280w, https:\/\/biocarbonstandard.com\/wp-content\/uploads\/04-copy-3-12x12.webp 12w\" sizes=\"(max-width: 512px) 100vw, 512px\" \/><\/figure><div class=\"elementor-image-box-content\"><h3 class=\"elementor-image-box-title\">Juan Felipe Charre<\/h3><\/div><\/div>\t\t\t\t<\/div>\n\t\t\t\t<\/div>\n\t\t\t\t<div class=\"elementor-element elementor-element-b100e94 elementor-widget elementor-widget-n-accordion\" data-id=\"b100e94\" data-element_type=\"widget\" data-settings=\"{&quot;default_state&quot;:&quot;all_collapsed&quot;,&quot;max_items_expended&quot;:&quot;one&quot;,&quot;n_accordion_animation_duration&quot;:{&quot;unit&quot;:&quot;ms&quot;,&quot;size&quot;:400,&quot;sizes&quot;:[]}}\" data-widget_type=\"nested-accordion.default\">\n\t\t\t\t<div class=\"elementor-widget-container\">\n\t\t\t\t\t\t\t<div class=\"e-n-accordion\" aria-label=\"Accordion. Open links with Enter or Space, close with Escape, and navigate with Arrow Keys\">\n\t\t\t\t\t\t<details id=\"e-n-accordion-item-1850\" class=\"e-n-accordion-item\" >\n\t\t\t\t<summary class=\"e-n-accordion-item-title\" data-accordion-index=\"1\" tabindex=\"0\" aria-expanded=\"false\" aria-controls=\"e-n-accordion-item-1850\" >\n\t\t\t\t\t<span class='e-n-accordion-item-title-header'><div class=\"e-n-accordion-item-title-text\"> Leer m\u00e1s <\/div><\/span>\n\t\t\t\t\t\t\t<span class='e-n-accordion-item-title-icon'>\n\t\t\t<span class='e-opened' ><svg aria-hidden=\"true\" class=\"e-font-icon-svg e-fas-minus\" viewbox=\"0 0 448 512\" xmlns=\"http:\/\/www.w3.org\/2000\/svg\"><path d=\"M416 208H32c-17.67 0-32 14.33-32 32v32c0 17.67 14.33 32 32 32h384c17.67 0 32-14.33 32-32v-32c0-17.67-14.33-32-32-32z\"><\/path><\/svg><\/span>\n\t\t\t<span class='e-closed'><svg aria-hidden=\"true\" class=\"e-font-icon-svg e-fas-plus\" viewbox=\"0 0 448 512\" xmlns=\"http:\/\/www.w3.org\/2000\/svg\"><path d=\"M416 208H272V64c0-17.67-14.33-32-32-32h-32c-17.67 0-32 14.33-32 32v144H32c-17.67 0-32 14.33-32 32v32c0 17.67 14.33 32 32 32h144v144c0 17.67 14.33 32 32 32h32c17.67 0 32-14.33 32-32V304h144c17.67 0 32-14.33 32-32v-32c0-17.67-14.33-32-32-32z\"><\/path><\/svg><\/span>\n\t\t<\/span>\n\n\t\t\t\t\t\t<\/summary>\n\t\t\t\t<div role=\"region\" aria-labelledby=\"e-n-accordion-item-1850\" class=\"elementor-element elementor-element-045448c e-con-full e-flex e-con e-child\" data-id=\"045448c\" data-element_type=\"container\">\n\t\t\t\t<div class=\"elementor-element elementor-element-9679664 elementor-widget elementor-widget-text-editor\" data-id=\"9679664\" data-element_type=\"widget\" data-widget_type=\"text-editor.default\">\n\t\t\t\t<div class=\"elementor-widget-container\">\n\t\t\t\t\t\t\t\t\t<p>Juan Felipe es bi\u00f3logo con maestr\u00eda en Ecolog\u00eda y Conservaci\u00f3n, y doctorado en Manejo y Conservaci\u00f3n de Recursos Naturales por la Universidad Michoacana de San Nicol\u00e1s de Hidalgo. Ha publicado 50 art\u00edculos cient\u00edficos, 1 libro, 7 cap\u00edtulos de libro y 8 art\u00edculos de divulgaci\u00f3n, y es miembro del Sistema Nacional de Investigadores de M\u00e9xico desde 2019. Su trabajo se centra en la conservaci\u00f3n de la biodiversidad en M\u00e9xico, especialmente en Guanajuato y Michoac\u00e1n.<\/p><p>En el \u00e1mbito comunitario, ha capacitado a grupos de monitoreo en diversas partes de M\u00e9xico. Es fundador y presidente de la asociaci\u00f3n sin fines de lucro Conservaci\u00f3n del Patrimonio Natural para el Bienestar Social.<\/p><p>Actualmente, realiza una estancia posdoctoral en la UNAM, campus Morelia, y es profesor en la Universidad Michoacana.<\/p><p>En su tiempo libre, disfruta de la naturaleza y la fotograf\u00eda.<\/p>\t\t\t\t\t\t\t\t<\/div>\n\t\t\t\t<\/div>\n\t\t\t\t<\/div>\n\t\t\t\t\t<\/details>\n\t\t\t\t\t<\/div>\n\t\t\t\t\t\t<\/div>\n\t\t\t\t<\/div>\n\t\t\t\t<\/div>\n\t\t\t\t<\/div>\n\t\t<div class=\"elementor-element elementor-element-d1cac7a e-con-full e-flex e-con e-child\" data-id=\"d1cac7a\" data-element_type=\"container\">\n\t\t<div class=\"elementor-element elementor-element-e78299f e-con-full e-flex e-con e-child\" data-id=\"e78299f\" data-element_type=\"container\">\n\t\t\t\t<div class=\"elementor-element elementor-element-4c40d2f elementor-position-top elementor-widget elementor-widget-image-box\" data-id=\"4c40d2f\" data-element_type=\"widget\" data-widget_type=\"image-box.default\">\n\t\t\t\t<div class=\"elementor-widget-container\">\n\t\t\t\t\t<div class=\"elementor-image-box-wrapper\"><figure class=\"elementor-image-box-img\"><img loading=\"lazy\" decoding=\"async\" width=\"2560\" height=\"2560\" src=\"https:\/\/biocarbonstandard.com\/wp-content\/uploads\/Marilyn_Machado-scaled.webp\" class=\"attachment-full size-full wp-image-18087\" alt=\"\" srcset=\"https:\/\/biocarbonstandard.com\/wp-content\/uploads\/Marilyn_Machado-scaled.webp 2560w, https:\/\/biocarbonstandard.com\/wp-content\/uploads\/Marilyn_Machado-280x280.webp 280w, https:\/\/biocarbonstandard.com\/wp-content\/uploads\/Marilyn_Machado-768x768.webp 768w, https:\/\/biocarbonstandard.com\/wp-content\/uploads\/Marilyn_Machado-1536x1536.webp 1536w, https:\/\/biocarbonstandard.com\/wp-content\/uploads\/Marilyn_Machado-2048x2048.webp 2048w, https:\/\/biocarbonstandard.com\/wp-content\/uploads\/Marilyn_Machado-12x12.webp 12w\" sizes=\"(max-width: 2560px) 100vw, 2560px\" \/><\/figure><div class=\"elementor-image-box-content\"><h3 class=\"elementor-image-box-title\">Marilyn Machado <\/h3><\/div><\/div>\t\t\t\t<\/div>\n\t\t\t\t<\/div>\n\t\t\t\t<div class=\"elementor-element elementor-element-d8cefee elementor-widget elementor-widget-n-accordion\" data-id=\"d8cefee\" data-element_type=\"widget\" data-settings=\"{&quot;default_state&quot;:&quot;all_collapsed&quot;,&quot;max_items_expended&quot;:&quot;one&quot;,&quot;n_accordion_animation_duration&quot;:{&quot;unit&quot;:&quot;ms&quot;,&quot;size&quot;:400,&quot;sizes&quot;:[]}}\" data-widget_type=\"nested-accordion.default\">\n\t\t\t\t<div class=\"elementor-widget-container\">\n\t\t\t\t\t\t\t<div class=\"e-n-accordion\" aria-label=\"Accordion. Open links with Enter or Space, close with Escape, and navigate with Arrow Keys\">\n\t\t\t\t\t\t<details id=\"e-n-accordion-item-2270\" class=\"e-n-accordion-item\" >\n\t\t\t\t<summary class=\"e-n-accordion-item-title\" data-accordion-index=\"1\" tabindex=\"0\" aria-expanded=\"false\" aria-controls=\"e-n-accordion-item-2270\" >\n\t\t\t\t\t<span class='e-n-accordion-item-title-header'><div class=\"e-n-accordion-item-title-text\"> Leer m\u00e1s <\/div><\/span>\n\t\t\t\t\t\t\t<span class='e-n-accordion-item-title-icon'>\n\t\t\t<span class='e-opened' ><svg aria-hidden=\"true\" class=\"e-font-icon-svg e-fas-minus\" viewbox=\"0 0 448 512\" xmlns=\"http:\/\/www.w3.org\/2000\/svg\"><path d=\"M416 208H32c-17.67 0-32 14.33-32 32v32c0 17.67 14.33 32 32 32h384c17.67 0 32-14.33 32-32v-32c0-17.67-14.33-32-32-32z\"><\/path><\/svg><\/span>\n\t\t\t<span class='e-closed'><svg aria-hidden=\"true\" class=\"e-font-icon-svg e-fas-plus\" viewbox=\"0 0 448 512\" xmlns=\"http:\/\/www.w3.org\/2000\/svg\"><path d=\"M416 208H272V64c0-17.67-14.33-32-32-32h-32c-17.67 0-32 14.33-32 32v144H32c-17.67 0-32 14.33-32 32v32c0 17.67 14.33 32 32 32h144v144c0 17.67 14.33 32 32 32h32c17.67 0 32-14.33 32-32V304h144c17.67 0 32-14.33 32-32v-32c0-17.67-14.33-32-32-32z\"><\/path><\/svg><\/span>\n\t\t<\/span>\n\n\t\t\t\t\t\t<\/summary>\n\t\t\t\t<div role=\"region\" aria-labelledby=\"e-n-accordion-item-2270\" class=\"elementor-element elementor-element-fcb5d6d e-con-full e-flex e-con e-child\" data-id=\"fcb5d6d\" data-element_type=\"container\">\n\t\t\t\t<div class=\"elementor-element elementor-element-9a5edd7 elementor-widget elementor-widget-text-editor\" data-id=\"9a5edd7\" data-element_type=\"widget\" data-widget_type=\"text-editor.default\">\n\t\t\t\t<div class=\"elementor-widget-container\">\n\t\t\t\t\t\t\t\t\t<p><span data-contrast=\"auto\">Marilyn, soci\u00f3loga, con maestr\u00edas en Educaci\u00f3n desde la Diversidad y en Ecolog\u00eda Pol\u00edtica y Alternativas al Desarrollo.<\/span><span data-ccp-props=\"{}\">\u00a0<\/span><\/p><p><span data-contrast=\"auto\">Con formaci\u00f3n y experiencia en el campo de la educaci\u00f3n popular, planeaci\u00f3n, participaci\u00f3n social y en investigaci\u00f3n, en estudios culturales con \u00e9nfasis en derechos humanos, ecolog\u00eda pol\u00edtica, medio ambiente y desarrollo.<\/span><span data-ccp-props=\"{}\">\u00a0<\/span><\/p><p><span data-contrast=\"auto\">Particip\u00f3 en la construcci\u00f3n, desde las comunidades y en negociaci\u00f3n con el gobierno nacional de la ley 70 que reconoce derechos a las comunidades negras. Ha trabajado principalmente con organizaciones de comunidades negras, mujeres y de articulaci\u00f3n con comunidades ind\u00edgenas, campesinas y populares.<\/span>\u00a0<\/p><p><span data-contrast=\"auto\">Es experta en procesos de consulta previa y consentimiento previo, libre e informado.<\/span><span data-ccp-props=\"{}\">\u00a0<\/span><\/p><p><span data-contrast=\"auto\">Participa de la articulaci\u00f3n regional de mujeres negras defensoras del territorio y acompa\u00f1a procesos territoriales de mujeres negras en el Pac\u00edfico nari\u00f1ense de Colombia.\u00a0<\/span><span data-ccp-props=\"{}\">\u00a0<\/span><\/p><p><span data-contrast=\"auto\">Vive en Cali-Colombia, apasionada por su trabajo y escribe sobre su vivencia territoriales y los procesos de resistencia y adaptaci\u00f3n.<\/span><span data-ccp-props=\"{}\">\u00a0<\/span><\/p>\t\t\t\t\t\t\t\t<\/div>\n\t\t\t\t<\/div>\n\t\t\t\t<\/div>\n\t\t\t\t\t<\/details>\n\t\t\t\t\t<\/div>\n\t\t\t\t\t\t<\/div>\n\t\t\t\t<\/div>\n\t\t\t\t<\/div>\n\t\t\t\t<\/div>\n\t\t\t\t\t<\/div>\n\t\t\t\t<\/div>\n\t\t<div class=\"elementor-element elementor-element-cd6801d elementor-hidden-desktop elementor-hidden-tablet elementor-hidden-mobile e-flex e-con-boxed e-con e-parent\" data-id=\"cd6801d\" data-element_type=\"container\">\n\t\t\t\t\t<div class=\"e-con-inner\">\n\t\t<div class=\"elementor-element elementor-element-d5adcb6 e-con-full e-flex e-con e-child\" data-id=\"d5adcb6\" data-element_type=\"container\">\n\t\t\t\t<\/div>\n\t\t<div class=\"elementor-element elementor-element-bf94623 e-con-full e-flex e-con e-child\" data-id=\"bf94623\" data-element_type=\"container\">\n\t\t\t\t<\/div>\n\t\t<div class=\"elementor-element elementor-element-e4267a1 e-con-full e-flex e-con e-child\" data-id=\"e4267a1\" data-element_type=\"container\">\n\t\t\t\t<\/div>\n\t\t<div class=\"elementor-element elementor-element-21e3076 e-con-full e-flex e-con e-child\" data-id=\"21e3076\" data-element_type=\"container\">\n\t\t\t\t<\/div>\n\t\t\t\t\t<\/div>\n\t\t\t\t<\/div>\n\t\t<div class=\"elementor-element elementor-element-4a0426e e-flex e-con-boxed e-con e-parent\" data-id=\"4a0426e\" data-element_type=\"container\">\n\t\t\t\t\t<div class=\"e-con-inner\">\n\t\t<div class=\"elementor-element elementor-element-6fc29b9 e-con-full e-flex e-con e-child\" data-id=\"6fc29b9\" data-element_type=\"container\">\n\t\t\t\t<div class=\"elementor-element elementor-element-1b58033 elementor-widget-divider--view-line elementor-widget elementor-widget-divider\" data-id=\"1b58033\" data-element_type=\"widget\" data-widget_type=\"divider.default\">\n\t\t\t\t<div class=\"elementor-widget-container\">\n\t\t\t\t\t\t\t<div class=\"elementor-divider\">\n\t\t\t<span class=\"elementor-divider-separator\">\n\t\t\t\t\t\t<\/span>\n\t\t<\/div>\n\t\t\t\t\t\t<\/div>\n\t\t\t\t<\/div>\n\t\t\t\t<div class=\"elementor-element elementor-element-9c7c2fd elementor-widget elementor-widget-heading\" data-id=\"9c7c2fd\" data-element_type=\"widget\" data-widget_type=\"heading.default\">\n\t\t\t\t<div class=\"elementor-widget-container\">\n\t\t\t\t\t<h2 class=\"elementor-heading-title elementor-size-default\">Plan de Largo Plazo\n<\/h2>\t\t\t\t<\/div>\n\t\t\t\t<\/div>\n\t\t\t\t<div class=\"elementor-element elementor-element-c22b2d2 elementor-widget elementor-widget-text-editor\" data-id=\"c22b2d2\" data-element_type=\"widget\" data-widget_type=\"text-editor.default\">\n\t\t\t\t<div class=\"elementor-widget-container\">\n\t\t\t\t\t\t\t\t\t<p>El Plan de Largo Plazo de BioCarbon establece el marco estrat\u00e9gico e institucional que garantiza la continuidad, integridad y resiliencia de nuestros programas a lo largo del tiempo. Est\u00e1 alineado con las mejores pr\u00e1cticas y est\u00e1ndares internacionales, como los Principios Fundamentales del Carbono (CCPs, por sus siglas en ingl\u00e9s) y el Art\u00edculo 6 del Acuerdo de Par\u00eds, y refleja nuestro compromiso con la sostenibilidad, la transparencia y la buena gobernanza.<\/p><p>El Plan define las estructuras de gobernanza, los mecanismos de gesti\u00f3n de riesgos y los procedimientos operativos que respaldan la durabilidad de los resultados ambientales y salvaguardan la confianza de las partes interesadas, ahora y en el futuro.<\/p>\t\t\t\t\t\t\t\t<\/div>\n\t\t\t\t<\/div>\n\t\t\t\t<\/div>\n\t\t\t\t<div class=\"elementor-element elementor-element-6a0174e elementor-mobile-align-justify elementor-widget elementor-widget-button\" data-id=\"6a0174e\" data-element_type=\"widget\" data-widget_type=\"button.default\">\n\t\t\t\t<div class=\"elementor-widget-container\">\n\t\t\t\t\t\t\t\t\t<div class=\"elementor-button-wrapper\">\n\t\t\t\t\t<a class=\"elementor-button elementor-button-link elementor-size-sm\" href=\"https:\/\/biocarbonstandard.com\/wp-content\/uploads\/BioCarbon_Executive_Summary_Long-Term_Plan.pdf\">\n\t\t\t\t\t\t<span class=\"elementor-button-content-wrapper\">\n\t\t\t\t\t\t<span class=\"elementor-button-icon\">\n\t\t\t\t<svg aria-hidden=\"true\" class=\"e-font-icon-svg e-far-file-pdf\" viewbox=\"0 0 384 512\" xmlns=\"http:\/\/www.w3.org\/2000\/svg\"><path d=\"M369.9 97.9L286 14C277 5 264.8-.1 252.1-.1H48C21.5 0 0 21.5 0 48v416c0 26.5 21.5 48 48 48h288c26.5 0 48-21.5 48-48V131.9c0-12.7-5.1-25-14.1-34zM332.1 128H256V51.9l76.1 76.1zM48 464V48h160v104c0 13.3 10.7 24 24 24h104v288H48zm250.2-143.7c-12.2-12-47-8.7-64.4-6.5-17.2-10.5-28.7-25-36.8-46.3 3.9-16.1 10.1-40.6 5.4-56-4.2-26.2-37.8-23.6-42.6-5.9-4.4 16.1-.4 38.5 7 67.1-10 23.9-24.9 56-35.4 74.4-20 10.3-47 26.2-51 46.2-3.3 15.8 26 55.2 76.1-31.2 22.4-7.4 46.8-16.5 68.4-20.1 18.9 10.2 41 17 55.8 17 25.5 0 28-28.2 17.5-38.7zm-198.1 77.8c5.1-13.7 24.5-29.5 30.4-35-19 30.3-30.4 35.7-30.4 35zm81.6-190.6c7.4 0 6.7 32.1 1.8 40.8-4.4-13.9-4.3-40.8-1.8-40.8zm-24.4 136.6c9.7-16.9 18-37 24.7-54.7 8.3 15.1 18.9 27.2 30.1 35.5-20.8 4.3-38.9 13.1-54.8 19.2zm131.6-5s-5 6-37.3-7.8c35.1-2.6 40.9 5.4 37.3 7.8z\"><\/path><\/svg>\t\t\t<\/span>\n\t\t\t\t\t\t\t\t\t<span class=\"elementor-button-text\">Resumen Ejecutivo<\/span>\n\t\t\t\t\t<\/span>\n\t\t\t\t\t<\/a>\n\t\t\t\t<\/div>\n\t\t\t\t\t\t\t\t<\/div>\n\t\t\t\t<\/div>\n\t\t\t\t\t<\/div>\n\t\t\t\t<\/div>\n\t\t\t\t<\/div>",
        "protected": false
    },
    "excerpt": {
        "rendered": "<p>Gobierno Corporativo Nuestro modelo de gobierno corporativo forma parte de una decisi\u00f3n estrat\u00e9gica para la compa\u00f1\u00eda, que se propone mejorar su desempe\u00f1o global y fundar unas bases s\u00f3lidas para la \u00e9tica empresarial y el cumplimiento; siempre persiguiendo la excelencia. El gobierno corporativo orienta la pol\u00edtica de la organizaci\u00f3n con base en el respeto de los [&hellip;]<\/p>",
        "protected": false
    },
    "author": 3,
    "featured_media": 0,
    "parent": 0,
    "menu_order": 0,
    "comment_status": "closed",
    "ping_status": "closed",
    "template": "elementor_header_footer",
    "meta": {
        "_acf_changed": false,
        "footnotes": ""
    },
    "class_list": [
        "post-1530",
        "page",
        "type-page",
        "status-publish",
        "hentry"
    ],
    "acf": [],
    "_links": {
        "self": [
            {
                "href": "https:\/\/biocarbonstandard.com\/es_es\/wp-json\/wp\/v2\/pages\/1530",
                "targetHints": {
                    "allow": [
                        "GET"
                    ]
                }
            }
        ],
        "collection": [
            {
                "href": "https:\/\/biocarbonstandard.com\/es_es\/wp-json\/wp\/v2\/pages"
            }
        ],
        "about": [
            {
                "href": "https:\/\/biocarbonstandard.com\/es_es\/wp-json\/wp\/v2\/types\/page"
            }
        ],
        "author": [
            {
                "embeddable": true,
                "href": "https:\/\/biocarbonstandard.com\/es_es\/wp-json\/wp\/v2\/users\/3"
            }
        ],
        "replies": [
            {
                "embeddable": true,
                "href": "https:\/\/biocarbonstandard.com\/es_es\/wp-json\/wp\/v2\/comments?post=1530"
            }
        ],
        "version-history": [
            {
                "count": 34,
                "href": "https:\/\/biocarbonstandard.com\/es_es\/wp-json\/wp\/v2\/pages\/1530\/revisions"
            }
        ],
        "predecessor-version": [
            {
                "id": 19316,
                "href": "https:\/\/biocarbonstandard.com\/es_es\/wp-json\/wp\/v2\/pages\/1530\/revisions\/19316"
            }
        ],
        "wp:attachment": [
            {
                "href": "https:\/\/biocarbonstandard.com\/es_es\/wp-json\/wp\/v2\/media?parent=1530"
            }
        ],
        "curies": [
            {
                "name": "wp",
                "href": "https:\/\/api.w.org\/{rel}",
                "templated": true
            }
        ]
    }
}